{"id":145794,"date":"2022-04-18T09:46:56","date_gmt":"2022-04-18T13:46:56","guid":{"rendered":"https:\/\/linitiative.ca\/International\/le-maroc-enregistre-le-nombre-de-deces-hebdomadaires-le-plus-bas-depuis-lepidemie-de-covid\/"},"modified":"2022-04-18T09:46:56","modified_gmt":"2022-04-18T13:46:56","slug":"le-maroc-enregistre-le-nombre-de-deces-hebdomadaires-le-plus-bas-depuis-lepidemie-de-covid","status":"publish","type":"post","link":"https:\/\/linitiative.ca\/International\/le-maroc-enregistre-le-nombre-de-deces-hebdomadaires-le-plus-bas-depuis-lepidemie-de-covid\/","title":{"rendered":"Le Maroc enregistre le nombre de d\u00e9c\u00e8s hebdomadaires le plus bas depuis l\u2019\u00e9pid\u00e9mie de COVID"},"content":{"rendered":"<div><img decoding=\"async\" width=\"790\" height=\"532\" src=\"https:\/\/linitiative.ca\/International\/wp-content\/uploads\/sites\/23\/2022\/04\/covidhopital4.jpg\" class=\"attachment-post-thumbnail size-post-thumbnail wp-post-image\" alt=\"\" loading=\"lazy\" srcset=\"https:\/\/linitiative.ca\/International\/wp-content\/uploads\/sites\/23\/2022\/04\/covidhopital4.jpg 790w, https:\/\/www.challenge.ma\/wp-content\/uploads\/2022\/04\/covidhopital4-300x202.jpg 300w, https:\/\/www.challenge.ma\/wp-content\/uploads\/2022\/04\/covidhopital4-768x517.jpg 768w, https:\/\/www.challenge.ma\/wp-content\/uploads\/2022\/04\/covidhopital4-360x242.jpg 360w, https:\/\/www.challenge.ma\/wp-content\/uploads\/2022\/04\/covidhopital4-750x505.jpg 750w\" sizes=\"auto, (max-width: 790px) 100vw, 790px\" itemprop=\"image\">Au cours des quinze derniers jours, le Maroc a enregistr\u00e9 le plus faible nombre de d\u00e9c\u00e8s en moyenne par semaine, depuis le d\u00e9but de la pand\u00e9mie. Mouad Mrabet, coordinateur du Centre national des op\u00e9rations d\u2019urgence de sant\u00e9 publique, a d\u00e9clar\u00e9 dimanche que la situation \u00e9pid\u00e9miologique du Maroc reste stable, avec<\/div>\n<p>Auteur: Azeroual Siham<br \/>\n<a href=\"https:\/\/www.challenge.ma\/le-maroc-enregistre-le-nombre-de-deces-hebdomadaires-le-plus-bas-depuis-lepidemie-de-covid-236928\/\">Cliquez ici pour lire l&rsquo;article depuis sa source.<\/a><\/p>\n","protected":false},"excerpt":{"rendered":"<p>Au cours des quinze derniers jours, le Maroc a enregistr\u00e9 le plus faible nombre de d\u00e9c\u00e8s en moyenne par semaine, depuis le d\u00e9but de la pand\u00e9mie. Mouad Mrabet, coordinateur du Centre national des op\u00e9rations d\u2019urgence de sant\u00e9 publique, a d\u00e9clar\u00e9 dimanche que la situation \u00e9pid\u00e9miologique du Maroc reste stable, avec Auteur: Azeroual Siham Cliquez ici [&hellip;]<\/p>\n","protected":false},"author":1787,"featured_media":0,"comment_status":"closed","ping_status":"closed","sticky":false,"template":"","format":"standard","meta":{"fifu_image_url":"https:\/\/www.challenge.ma\/wp-content\/uploads\/2022\/04\/covidhopital4.jpg","fifu_image_alt":"Le Maroc enregistre le nombre de d\u00e9c\u00e8s hebdomadaires le plus bas depuis l\u2019\u00e9pid\u00e9mie de COVID","footnotes":""},"categories":[78,54],"tags":[],"class_list":["post-145794","post","type-post","status-publish","format-standard","hentry","category-economie","category-maroc"],"_links":{"self":[{"href":"https:\/\/linitiative.ca\/International\/wp-json\/wp\/v2\/posts\/145794","targetHints":{"allow":["GET"]}}],"collection":[{"href":"https:\/\/linitiative.ca\/International\/wp-json\/wp\/v2\/posts"}],"about":[{"href":"https:\/\/linitiative.ca\/International\/wp-json\/wp\/v2\/types\/post"}],"author":[{"embeddable":true,"href":"https:\/\/linitiative.ca\/International\/wp-json\/wp\/v2\/users\/1787"}],"replies":[{"embeddable":true,"href":"https:\/\/linitiative.ca\/International\/wp-json\/wp\/v2\/comments?post=145794"}],"version-history":[{"count":0,"href":"https:\/\/linitiative.ca\/International\/wp-json\/wp\/v2\/posts\/145794\/revisions"}],"wp:attachment":[{"href":"https:\/\/linitiative.ca\/International\/wp-json\/wp\/v2\/media?parent=145794"}],"wp:term":[{"taxonomy":"category","embeddable":true,"href":"https:\/\/linitiative.ca\/International\/wp-json\/wp\/v2\/categories?post=145794"},{"taxonomy":"post_tag","embeddable":true,"href":"https:\/\/linitiative.ca\/International\/wp-json\/wp\/v2\/tags?post=145794"}],"curies":[{"name":"wp","href":"https:\/\/api.w.org\/{rel}","templated":true}]}}