{"id":145798,"date":"2022-04-18T11:00:00","date_gmt":"2022-04-18T15:00:00","guid":{"rendered":"https:\/\/linitiative.ca\/International\/portrait-nawal-chraibi-dg-mascir\/"},"modified":"2022-04-18T11:00:00","modified_gmt":"2022-04-18T15:00:00","slug":"portrait-nawal-chraibi-dg-mascir","status":"publish","type":"post","link":"https:\/\/linitiative.ca\/International\/portrait-nawal-chraibi-dg-mascir\/","title":{"rendered":"Portrait. Nawal Chraibi, DG \u2013 MAScIR"},"content":{"rendered":"<div><img decoding=\"async\" width=\"794\" height=\"487\" src=\"https:\/\/linitiative.ca\/International\/wp-content\/uploads\/sites\/23\/2022\/04\/NAWAL-CHRAIBI.jpg\" class=\"attachment-post-thumbnail size-post-thumbnail wp-post-image\" alt=\"\" loading=\"lazy\" srcset=\"https:\/\/linitiative.ca\/International\/wp-content\/uploads\/sites\/23\/2022\/04\/NAWAL-CHRAIBI.jpg 794w, https:\/\/www.challenge.ma\/wp-content\/uploads\/2022\/03\/NAWAL-CHRAIBI-300x184.jpg 300w, https:\/\/www.challenge.ma\/wp-content\/uploads\/2022\/03\/NAWAL-CHRAIBI-768x471.jpg 768w, https:\/\/www.challenge.ma\/wp-content\/uploads\/2022\/03\/NAWAL-CHRAIBI-360x221.jpg 360w, https:\/\/www.challenge.ma\/wp-content\/uploads\/2022\/03\/NAWAL-CHRAIBI-750x460.jpg 750w\" sizes=\"auto, (max-width: 794px) 100vw, 794px\" itemprop=\"image\">Nawal Chraibi fait partie des 50 femmes inspirantes qui font bouger les lignes, s\u00e9lectionn\u00e9es dans le hors-s\u00e9rie de notre magazine Challenge \u00ab Les chances du Maroc\u00a0\u00bb, paru le 8 mars dernier en hommage \u00e0 la femme marocaine. Centre de recherches pluridisciplinaires relevant de l\u2019Universit\u00e9 Mohammed VI Polytechnique, la Fondation MAScIR,<\/div>\n<p>Auteur: Adama Sylla<br \/>\n<a href=\"https:\/\/www.challenge.ma\/portrait-nawal-chraibi-dg-mascir-234561\/\">Cliquez ici pour lire l&rsquo;article depuis sa source.<\/a><\/p>\n","protected":false},"excerpt":{"rendered":"<p>Nawal Chraibi fait partie des 50 femmes inspirantes qui font bouger les lignes, s\u00e9lectionn\u00e9es dans le hors-s\u00e9rie de notre magazine Challenge \u00ab Les chances du Maroc\u00a0\u00bb, paru le 8 mars dernier en hommage \u00e0 la femme marocaine. Centre de recherches pluridisciplinaires relevant de l\u2019Universit\u00e9 Mohammed VI Polytechnique, la Fondation MAScIR, Auteur: Adama Sylla Cliquez ici [&hellip;]<\/p>\n","protected":false},"author":1787,"featured_media":0,"comment_status":"closed","ping_status":"closed","sticky":false,"template":"","format":"standard","meta":{"fifu_image_url":"https:\/\/www.challenge.ma\/wp-content\/uploads\/2022\/03\/NAWAL-CHRAIBI.jpg","fifu_image_alt":"Portrait. Nawal Chraibi, DG \u2013 MAScIR","footnotes":""},"categories":[78,54],"tags":[],"class_list":["post-145798","post","type-post","status-publish","format-standard","hentry","category-economie","category-maroc"],"_links":{"self":[{"href":"https:\/\/linitiative.ca\/International\/wp-json\/wp\/v2\/posts\/145798","targetHints":{"allow":["GET"]}}],"collection":[{"href":"https:\/\/linitiative.ca\/International\/wp-json\/wp\/v2\/posts"}],"about":[{"href":"https:\/\/linitiative.ca\/International\/wp-json\/wp\/v2\/types\/post"}],"author":[{"embeddable":true,"href":"https:\/\/linitiative.ca\/International\/wp-json\/wp\/v2\/users\/1787"}],"replies":[{"embeddable":true,"href":"https:\/\/linitiative.ca\/International\/wp-json\/wp\/v2\/comments?post=145798"}],"version-history":[{"count":0,"href":"https:\/\/linitiative.ca\/International\/wp-json\/wp\/v2\/posts\/145798\/revisions"}],"wp:attachment":[{"href":"https:\/\/linitiative.ca\/International\/wp-json\/wp\/v2\/media?parent=145798"}],"wp:term":[{"taxonomy":"category","embeddable":true,"href":"https:\/\/linitiative.ca\/International\/wp-json\/wp\/v2\/categories?post=145798"},{"taxonomy":"post_tag","embeddable":true,"href":"https:\/\/linitiative.ca\/International\/wp-json\/wp\/v2\/tags?post=145798"}],"curies":[{"name":"wp","href":"https:\/\/api.w.org\/{rel}","templated":true}]}}