{"id":145805,"date":"2022-04-18T16:47:45","date_gmt":"2022-04-18T20:47:45","guid":{"rendered":"https:\/\/linitiative.ca\/International\/tunisie-arrestation-dindividus-pour-navoir-pas-respecte-le-jeune-evitons-les-provocations-inutiles\/"},"modified":"2022-04-18T16:47:45","modified_gmt":"2022-04-18T20:47:45","slug":"tunisie-arrestation-dindividus-pour-navoir-pas-respecte-le-jeune-evitons-les-provocations-inutiles","status":"publish","type":"post","link":"https:\/\/linitiative.ca\/International\/tunisie-arrestation-dindividus-pour-navoir-pas-respecte-le-jeune-evitons-les-provocations-inutiles\/","title":{"rendered":"Tunisie \u2013 Arrestation d\u2019individus pour n\u2019avoir pas respect\u00e9 le je\u00fbne\u00a0: Evitons les provocations inutiles\u00a0?"},"content":{"rendered":"<div>\n<p>L\u2019avocate Nadia Chaouachi a annonc\u00e9, ce lundi, qu\u2019elle va d\u00e9fendre des individus qui vont \u00eatre traduits devant la justice pour n\u2019avoir pas respect\u00e9 le je\u00fbne de Ramadan. Elle a, pr\u00e9sent\u00e9 une copie du PV des agents de la garde nationale qui fait \u00e9tat d\u2019une intervention dans un quartier assez chaud des faubourgs de la Capitale, [\u2026]<\/p>\n<p>L\u2019article <a href=\"https:\/\/www.tunisienumerique.com\/tunisie-arrestation-dindividus-pour-navoir-pas-respecte-le-jeune-evitons-les-provocations-inutiles\/\">Tunisie \u2013 Arrestation d\u2019individus pour n\u2019avoir pas respect\u00e9 le je\u00fbne\u00a0: Evitons les provocations inutiles\u00a0?<\/a> est apparu en premier sur <a href=\"https:\/\/www.tunisienumerique.com\/\">Tunisie<\/a>.<\/p>\n<\/div>\n<p>Auteur: Saber .<br \/>\n<a href=\"https:\/\/www.tunisienumerique.com\/tunisie-arrestation-dindividus-pour-navoir-pas-respecte-le-jeune-evitons-les-provocations-inutiles\/\">Cliquez ici pour lire l&rsquo;article depuis sa source.<\/a><\/p>\n","protected":false},"excerpt":{"rendered":"<p>L\u2019avocate Nadia Chaouachi a annonc\u00e9, ce lundi, qu\u2019elle va d\u00e9fendre des individus qui vont \u00eatre traduits devant la justice pour n\u2019avoir pas respect\u00e9 le je\u00fbne de Ramadan. Elle a, pr\u00e9sent\u00e9 une copie du PV des agents de la garde nationale qui fait \u00e9tat d\u2019une intervention dans un quartier assez chaud des faubourgs de la Capitale, [&hellip;]<\/p>\n","protected":false},"author":1789,"featured_media":0,"comment_status":"closed","ping_status":"closed","sticky":false,"template":"","format":"standard","meta":{"fifu_image_url":"","fifu_image_alt":"","footnotes":""},"categories":[73,55],"tags":[],"class_list":["post-145805","post","type-post","status-publish","format-standard","hentry","category-actualite","category-tunisie"],"_links":{"self":[{"href":"https:\/\/linitiative.ca\/International\/wp-json\/wp\/v2\/posts\/145805","targetHints":{"allow":["GET"]}}],"collection":[{"href":"https:\/\/linitiative.ca\/International\/wp-json\/wp\/v2\/posts"}],"about":[{"href":"https:\/\/linitiative.ca\/International\/wp-json\/wp\/v2\/types\/post"}],"author":[{"embeddable":true,"href":"https:\/\/linitiative.ca\/International\/wp-json\/wp\/v2\/users\/1789"}],"replies":[{"embeddable":true,"href":"https:\/\/linitiative.ca\/International\/wp-json\/wp\/v2\/comments?post=145805"}],"version-history":[{"count":0,"href":"https:\/\/linitiative.ca\/International\/wp-json\/wp\/v2\/posts\/145805\/revisions"}],"wp:attachment":[{"href":"https:\/\/linitiative.ca\/International\/wp-json\/wp\/v2\/media?parent=145805"}],"wp:term":[{"taxonomy":"category","embeddable":true,"href":"https:\/\/linitiative.ca\/International\/wp-json\/wp\/v2\/categories?post=145805"},{"taxonomy":"post_tag","embeddable":true,"href":"https:\/\/linitiative.ca\/International\/wp-json\/wp\/v2\/tags?post=145805"}],"curies":[{"name":"wp","href":"https:\/\/api.w.org\/{rel}","templated":true}]}}