{"id":145807,"date":"2022-04-18T16:51:16","date_gmt":"2022-04-18T20:51:16","guid":{"rendered":"https:\/\/linitiative.ca\/International\/tunisie-non-lieu-contre-fatma-mseddi\/"},"modified":"2022-04-18T16:51:16","modified_gmt":"2022-04-18T20:51:16","slug":"tunisie-non-lieu-contre-fatma-mseddi","status":"publish","type":"post","link":"https:\/\/linitiative.ca\/International\/tunisie-non-lieu-contre-fatma-mseddi\/","title":{"rendered":"Tunisie : Non-lieu contre Fatma Mseddi"},"content":{"rendered":"<div>\n<p>La Sixi\u00e8me Chambre P\u00e9nale du Tribunal de Premi\u00e8re Instance de Tunis a d\u00e9cid\u00e9 aujourd\u2019hui, lundi 18 avril 2022, d\u2019accepter l\u2019objection en la forme et d\u2019annuler en fond, le jugement d\u2019emprisonnement de 4 mois contre l\u2019ancienne d\u00e9put\u00e9e Fatma Mseddi. La Chambre susvis\u00e9e a \u00e9galement d\u00e9cid\u00e9 rendu un non-lieu \u00e0 son encontre dans le cadre de l\u2019affaire [\u2026]<\/p>\n<p>L\u2019article <a href=\"https:\/\/www.tunisienumerique.com\/tunisie-non-lieu-contre-fatma-mseddi\/\">Tunisie : Non-lieu contre Fatma Mseddi<\/a> est apparu en premier sur <a href=\"https:\/\/www.tunisienumerique.com\/\">Tunisie<\/a>.<\/p>\n<\/div>\n<p>Auteur: rania ben slimane<br \/>\n<a href=\"https:\/\/www.tunisienumerique.com\/tunisie-non-lieu-contre-fatma-mseddi\/\">Cliquez ici pour lire l&rsquo;article depuis sa source.<\/a><\/p>\n","protected":false},"excerpt":{"rendered":"<p>La Sixi\u00e8me Chambre P\u00e9nale du Tribunal de Premi\u00e8re Instance de Tunis a d\u00e9cid\u00e9 aujourd\u2019hui, lundi 18 avril 2022, d\u2019accepter l\u2019objection en la forme et d\u2019annuler en fond, le jugement d\u2019emprisonnement de 4 mois contre l\u2019ancienne d\u00e9put\u00e9e Fatma Mseddi. La Chambre susvis\u00e9e a \u00e9galement d\u00e9cid\u00e9 rendu un non-lieu \u00e0 son encontre dans le cadre de l\u2019affaire [&hellip;]<\/p>\n","protected":false},"author":1789,"featured_media":0,"comment_status":"closed","ping_status":"closed","sticky":false,"template":"","format":"standard","meta":{"fifu_image_url":"","fifu_image_alt":"","footnotes":""},"categories":[73,55],"tags":[],"class_list":["post-145807","post","type-post","status-publish","format-standard","hentry","category-actualite","category-tunisie"],"_links":{"self":[{"href":"https:\/\/linitiative.ca\/International\/wp-json\/wp\/v2\/posts\/145807","targetHints":{"allow":["GET"]}}],"collection":[{"href":"https:\/\/linitiative.ca\/International\/wp-json\/wp\/v2\/posts"}],"about":[{"href":"https:\/\/linitiative.ca\/International\/wp-json\/wp\/v2\/types\/post"}],"author":[{"embeddable":true,"href":"https:\/\/linitiative.ca\/International\/wp-json\/wp\/v2\/users\/1789"}],"replies":[{"embeddable":true,"href":"https:\/\/linitiative.ca\/International\/wp-json\/wp\/v2\/comments?post=145807"}],"version-history":[{"count":0,"href":"https:\/\/linitiative.ca\/International\/wp-json\/wp\/v2\/posts\/145807\/revisions"}],"wp:attachment":[{"href":"https:\/\/linitiative.ca\/International\/wp-json\/wp\/v2\/media?parent=145807"}],"wp:term":[{"taxonomy":"category","embeddable":true,"href":"https:\/\/linitiative.ca\/International\/wp-json\/wp\/v2\/categories?post=145807"},{"taxonomy":"post_tag","embeddable":true,"href":"https:\/\/linitiative.ca\/International\/wp-json\/wp\/v2\/tags?post=145807"}],"curies":[{"name":"wp","href":"https:\/\/api.w.org\/{rel}","templated":true}]}}