{"id":145808,"date":"2022-04-18T17:10:04","date_gmt":"2022-04-18T21:10:04","guid":{"rendered":"https:\/\/linitiative.ca\/International\/la-liga-le-barca-pietine-encore-et-perd-3-points-de-plus\/"},"modified":"2022-04-18T17:10:04","modified_gmt":"2022-04-18T21:10:04","slug":"la-liga-le-barca-pietine-encore-et-perd-3-points-de-plus","status":"publish","type":"post","link":"https:\/\/linitiative.ca\/International\/la-liga-le-barca-pietine-encore-et-perd-3-points-de-plus\/","title":{"rendered":"La Liga : Le Bar\u00e7a pi\u00e9tine encore et perd 3 points de plus"},"content":{"rendered":"<div>\n<p>Une premi\u00e8re sous l\u2019\u00e8re Xavi. Le FC Barcelone encha\u00eene une deuxi\u00e8me d\u00e9faite de suite au Camp Nou, cette fois \u00e0 \u00e0 domicile contre Cadix (0-1), apr\u00e8s le revers contre l\u2019Eintracht Francfort en quarts de finale de l\u2019Europa League. le 18e du tableau de La Liga a mis fin \u00e0 une s\u00e9rie de 8 victoires cons\u00e9cutives [\u2026]<\/p>\n<p>L\u2019article <a href=\"https:\/\/www.tunisienumerique.com\/la-liga-le-barca-pietine-encore-et-perd-3-points-de-plus\/\">La Liga : Le Bar\u00e7a pi\u00e9tine encore et perd 3 points de plus<\/a> est apparu en premier sur <a href=\"https:\/\/www.tunisienumerique.com\/\">Tunisie<\/a>.<\/p>\n<\/div>\n<p>Auteur: Hamza Ben Khlifa<br \/>\n<a href=\"https:\/\/www.tunisienumerique.com\/la-liga-le-barca-pietine-encore-et-perd-3-points-de-plus\/\">Cliquez ici pour lire l&rsquo;article depuis sa source.<\/a><\/p>\n","protected":false},"excerpt":{"rendered":"<p>Une premi\u00e8re sous l\u2019\u00e8re Xavi. Le FC Barcelone encha\u00eene une deuxi\u00e8me d\u00e9faite de suite au Camp Nou, cette fois \u00e0 \u00e0 domicile contre Cadix (0-1), apr\u00e8s le revers contre l\u2019Eintracht Francfort en quarts de finale de l\u2019Europa League. le 18e du tableau de La Liga a mis fin \u00e0 une s\u00e9rie de 8 victoires cons\u00e9cutives [&hellip;]<\/p>\n","protected":false},"author":1789,"featured_media":0,"comment_status":"closed","ping_status":"closed","sticky":false,"template":"","format":"standard","meta":{"fifu_image_url":"","fifu_image_alt":"","footnotes":""},"categories":[73,55],"tags":[],"class_list":["post-145808","post","type-post","status-publish","format-standard","hentry","category-actualite","category-tunisie"],"_links":{"self":[{"href":"https:\/\/linitiative.ca\/International\/wp-json\/wp\/v2\/posts\/145808","targetHints":{"allow":["GET"]}}],"collection":[{"href":"https:\/\/linitiative.ca\/International\/wp-json\/wp\/v2\/posts"}],"about":[{"href":"https:\/\/linitiative.ca\/International\/wp-json\/wp\/v2\/types\/post"}],"author":[{"embeddable":true,"href":"https:\/\/linitiative.ca\/International\/wp-json\/wp\/v2\/users\/1789"}],"replies":[{"embeddable":true,"href":"https:\/\/linitiative.ca\/International\/wp-json\/wp\/v2\/comments?post=145808"}],"version-history":[{"count":0,"href":"https:\/\/linitiative.ca\/International\/wp-json\/wp\/v2\/posts\/145808\/revisions"}],"wp:attachment":[{"href":"https:\/\/linitiative.ca\/International\/wp-json\/wp\/v2\/media?parent=145808"}],"wp:term":[{"taxonomy":"category","embeddable":true,"href":"https:\/\/linitiative.ca\/International\/wp-json\/wp\/v2\/categories?post=145808"},{"taxonomy":"post_tag","embeddable":true,"href":"https:\/\/linitiative.ca\/International\/wp-json\/wp\/v2\/tags?post=145808"}],"curies":[{"name":"wp","href":"https:\/\/api.w.org\/{rel}","templated":true}]}}