{"id":145811,"date":"2022-04-18T14:59:29","date_gmt":"2022-04-18T18:59:29","guid":{"rendered":"https:\/\/linitiative.ca\/International\/les-10-travaux-dhercule-de-la-junte-avant-le-retour-a-lordre-constitutionnel-quand-doumbouya-renvoie-la-fin-de-la-transition-aux-calendesguineennes\/"},"modified":"2022-04-18T14:59:29","modified_gmt":"2022-04-18T18:59:29","slug":"les-10-travaux-dhercule-de-la-junte-avant-le-retour-a-lordre-constitutionnel-quand-doumbouya-renvoie-la-fin-de-la-transition-aux-calendesguineennes","status":"publish","type":"post","link":"https:\/\/linitiative.ca\/International\/les-10-travaux-dhercule-de-la-junte-avant-le-retour-a-lordre-constitutionnel-quand-doumbouya-renvoie-la-fin-de-la-transition-aux-calendesguineennes\/","title":{"rendered":"LES 10 TRAVAUX D\u2019HERCULE DE LA JUNTE AVANT LE RETOUR A L\u2019ORDRE CONSTITUTIONNEL : Quand Doumbouya renvoie la fin de la transition aux calendes\u2026guin\u00e9ennes"},"content":{"rendered":"<div>\n<p><img decoding=\"async\" width=\"664\" height=\"443\" src=\"https:\/\/linitiative.ca\/International\/wp-content\/uploads\/sites\/23\/2022\/04\/GUINEE-2.jpg\" class=\"attachment- size- wp-post-image\" alt=\"\" loading=\"lazy\" style=\"float:left; margin:0 15px 15px 0;\" srcset=\"https:\/\/linitiative.ca\/International\/wp-content\/uploads\/sites\/23\/2022\/04\/GUINEE-2.jpg 664w, https:\/\/lepays.bf\/wp-content\/uploads\/2022\/04\/GUINEE-2-300x200.jpg 300w, https:\/\/lepays.bf\/wp-content\/uploads\/2022\/04\/GUINEE-2-150x100.jpg 150w, https:\/\/lepays.bf\/wp-content\/uploads\/2022\/04\/GUINEE-2-128x86.jpg 128w\" sizes=\"auto, (max-width: 664px) 100vw, 664px\">A quand le retour \u00e0 l\u2019ordre constitutionnel en Guin\u00e9e\u00a0? Bien malin qui saurait r\u00e9pondre \u00e0 cette question. En effet, plus de six mois apr\u00e8s la chute du pr\u00e9sident Alpha Cond\u00e9 renvers\u00e9 par le colonel Mamady Doumbouya et ses camarades, c\u2019est toujours le myst\u00e8re sur la [\u2026]<\/p>\n<p>L\u2019article <a rel=\"nofollow\" href=\"https:\/\/lepays.bf\/les-10-travaux-dhercule-de-la-junte-avant-le-retour-a-lordre-constitutionnel-quand-doumbouya-renvoie-la-fin-de-la-transition-aux-calendesguineennes\/\">LES 10 TRAVAUX D\u2019HERCULE DE LA JUNTE AVANT LE RETOUR A L\u2019ORDRE CONSTITUTIONNEL : Quand Doumbouya renvoie la fin de la transition aux calendes\u2026guin\u00e9ennes<\/a> est apparu en premier sur <a rel=\"nofollow\" href=\"https:\/\/lepays.bf\/\">Editions Le Pays<\/a>.<\/p>\n<\/div>\n<p>Auteur: Editions LEPAYS<br \/>\n<a href=\"https:\/\/lepays.bf\/les-10-travaux-dhercule-de-la-junte-avant-le-retour-a-lordre-constitutionnel-quand-doumbouya-renvoie-la-fin-de-la-transition-aux-calendesguineennes\/\">Cliquez ici pour lire l&rsquo;article depuis sa source.<\/a><\/p>\n","protected":false},"excerpt":{"rendered":"<p>A quand le retour \u00e0 l\u2019ordre constitutionnel en Guin\u00e9e\u00a0? Bien malin qui saurait r\u00e9pondre \u00e0 cette question. En effet, plus de six mois apr\u00e8s la chute du pr\u00e9sident Alpha Cond\u00e9 renvers\u00e9 par le colonel Mamady Doumbouya et ses camarades, c\u2019est toujours le myst\u00e8re sur la [\u2026] L\u2019article LES 10 TRAVAUX D\u2019HERCULE DE LA JUNTE AVANT [&hellip;]<\/p>\n","protected":false},"author":1813,"featured_media":0,"comment_status":"closed","ping_status":"closed","sticky":false,"template":"","format":"standard","meta":{"fifu_image_url":"https:\/\/lepays.bf\/wp-content\/uploads\/2022\/04\/GUINEE-2.jpg","fifu_image_alt":"LES 10 TRAVAUX D\u2019HERCULE DE LA JUNTE AVANT LE RETOUR A L\u2019ORDRE CONSTITUTIONNEL : Quand Doumbouya renvoie la fin de la transition aux calendes\u2026guin\u00e9ennes","footnotes":""},"categories":[73,81],"tags":[],"class_list":["post-145811","post","type-post","status-publish","format-standard","hentry","category-actualite","category-burkina-faso"],"_links":{"self":[{"href":"https:\/\/linitiative.ca\/International\/wp-json\/wp\/v2\/posts\/145811","targetHints":{"allow":["GET"]}}],"collection":[{"href":"https:\/\/linitiative.ca\/International\/wp-json\/wp\/v2\/posts"}],"about":[{"href":"https:\/\/linitiative.ca\/International\/wp-json\/wp\/v2\/types\/post"}],"author":[{"embeddable":true,"href":"https:\/\/linitiative.ca\/International\/wp-json\/wp\/v2\/users\/1813"}],"replies":[{"embeddable":true,"href":"https:\/\/linitiative.ca\/International\/wp-json\/wp\/v2\/comments?post=145811"}],"version-history":[{"count":0,"href":"https:\/\/linitiative.ca\/International\/wp-json\/wp\/v2\/posts\/145811\/revisions"}],"wp:attachment":[{"href":"https:\/\/linitiative.ca\/International\/wp-json\/wp\/v2\/media?parent=145811"}],"wp:term":[{"taxonomy":"category","embeddable":true,"href":"https:\/\/linitiative.ca\/International\/wp-json\/wp\/v2\/categories?post=145811"},{"taxonomy":"post_tag","embeddable":true,"href":"https:\/\/linitiative.ca\/International\/wp-json\/wp\/v2\/tags?post=145811"}],"curies":[{"name":"wp","href":"https:\/\/api.w.org\/{rel}","templated":true}]}}