{"id":145813,"date":"2022-04-18T15:02:29","date_gmt":"2022-04-18T19:02:29","guid":{"rendered":"https:\/\/linitiative.ca\/International\/mort-didriss-deby-itno-un-an-apres-les-demons-de-la-division-hautent-toujours-le-tchad\/"},"modified":"2022-04-18T15:02:29","modified_gmt":"2022-04-18T19:02:29","slug":"mort-didriss-deby-itno-un-an-apres-les-demons-de-la-division-hautent-toujours-le-tchad","status":"publish","type":"post","link":"https:\/\/linitiative.ca\/International\/mort-didriss-deby-itno-un-an-apres-les-demons-de-la-division-hautent-toujours-le-tchad\/","title":{"rendered":"MORT D\u2019IDRISS DEBY ITNO, UN AN APRES : Les d\u00e9mons de la division hautent toujours le Tchad"},"content":{"rendered":"<div>\n<p><img decoding=\"async\" width=\"225\" height=\"225\" src=\"https:\/\/linitiative.ca\/International\/wp-content\/uploads\/sites\/23\/2022\/04\/DEBY.jpg\" class=\"attachment- size- wp-post-image\" alt=\"\" loading=\"lazy\" style=\"float:left; margin:0 15px 15px 0;\" srcset=\"https:\/\/linitiative.ca\/International\/wp-content\/uploads\/sites\/23\/2022\/04\/DEBY.jpg 225w, https:\/\/lepays.bf\/wp-content\/uploads\/2022\/04\/DEBY-150x150.jpg 150w\" sizes=\"auto, (max-width: 225px) 100vw, 225px\">Cela fait presqu\u2019un an jour pour jour, que le Mar\u00e9chal du Tchad, Idriss D\u00e9by Itno, a \u00e9t\u00e9 rendu \u00e0 la terre de ses anc\u00eatres, dans l\u2019intimit\u00e9 familiale et dans son village d\u2019Amdjarass, situ\u00e9 \u00e0 quelques encablures de sa ville natale de Berdoba, \u00e0 l\u2019extr\u00eame Est [\u2026]<\/p>\n<p>L\u2019article <a rel=\"nofollow\" href=\"https:\/\/lepays.bf\/mort-didriss-deby-itno-un-an-apres-les-demons-de-la-division-hautent-toujours-le-tchad\/\">MORT D\u2019IDRISS DEBY ITNO, UN AN APRES : Les d\u00e9mons de la division hautent toujours le Tchad<\/a> est apparu en premier sur <a rel=\"nofollow\" href=\"https:\/\/lepays.bf\/\">Editions Le Pays<\/a>.<\/p>\n<\/div>\n<p>Auteur: Editions LEPAYS<br \/>\n<a href=\"https:\/\/lepays.bf\/mort-didriss-deby-itno-un-an-apres-les-demons-de-la-division-hautent-toujours-le-tchad\/\">Cliquez ici pour lire l&rsquo;article depuis sa source.<\/a><\/p>\n","protected":false},"excerpt":{"rendered":"<p>Cela fait presqu\u2019un an jour pour jour, que le Mar\u00e9chal du Tchad, Idriss D\u00e9by Itno, a \u00e9t\u00e9 rendu \u00e0 la terre de ses anc\u00eatres, dans l\u2019intimit\u00e9 familiale et dans son village d\u2019Amdjarass, situ\u00e9 \u00e0 quelques encablures de sa ville natale de Berdoba, \u00e0 l\u2019extr\u00eame Est [\u2026] L\u2019article MORT D\u2019IDRISS DEBY ITNO, UN AN APRES : [&hellip;]<\/p>\n","protected":false},"author":1813,"featured_media":0,"comment_status":"closed","ping_status":"closed","sticky":false,"template":"","format":"standard","meta":{"fifu_image_url":"https:\/\/lepays.bf\/wp-content\/uploads\/2022\/04\/DEBY.jpg","fifu_image_alt":"MORT D\u2019IDRISS DEBY ITNO, UN AN APRES : Les d\u00e9mons de la division hautent toujours le Tchad","footnotes":""},"categories":[73,81],"tags":[],"class_list":["post-145813","post","type-post","status-publish","format-standard","hentry","category-actualite","category-burkina-faso"],"_links":{"self":[{"href":"https:\/\/linitiative.ca\/International\/wp-json\/wp\/v2\/posts\/145813","targetHints":{"allow":["GET"]}}],"collection":[{"href":"https:\/\/linitiative.ca\/International\/wp-json\/wp\/v2\/posts"}],"about":[{"href":"https:\/\/linitiative.ca\/International\/wp-json\/wp\/v2\/types\/post"}],"author":[{"embeddable":true,"href":"https:\/\/linitiative.ca\/International\/wp-json\/wp\/v2\/users\/1813"}],"replies":[{"embeddable":true,"href":"https:\/\/linitiative.ca\/International\/wp-json\/wp\/v2\/comments?post=145813"}],"version-history":[{"count":0,"href":"https:\/\/linitiative.ca\/International\/wp-json\/wp\/v2\/posts\/145813\/revisions"}],"wp:attachment":[{"href":"https:\/\/linitiative.ca\/International\/wp-json\/wp\/v2\/media?parent=145813"}],"wp:term":[{"taxonomy":"category","embeddable":true,"href":"https:\/\/linitiative.ca\/International\/wp-json\/wp\/v2\/categories?post=145813"},{"taxonomy":"post_tag","embeddable":true,"href":"https:\/\/linitiative.ca\/International\/wp-json\/wp\/v2\/tags?post=145813"}],"curies":[{"name":"wp","href":"https:\/\/api.w.org\/{rel}","templated":true}]}}