{"id":145815,"date":"2022-04-18T15:05:47","date_gmt":"2022-04-18T19:05:47","guid":{"rendered":"https:\/\/linitiative.ca\/International\/appel-a-la-designation-dun-juge-dinstruction-dans-laffaire-olivier-dubois-le-cri-du-coeur-de-la-famille-sera-t-il-entendu\/"},"modified":"2022-04-18T15:05:47","modified_gmt":"2022-04-18T19:05:47","slug":"appel-a-la-designation-dun-juge-dinstruction-dans-laffaire-olivier-dubois-le-cri-du-coeur-de-la-famille-sera-t-il-entendu","status":"publish","type":"post","link":"https:\/\/linitiative.ca\/International\/appel-a-la-designation-dun-juge-dinstruction-dans-laffaire-olivier-dubois-le-cri-du-coeur-de-la-famille-sera-t-il-entendu\/","title":{"rendered":"APPEL A LA DESIGNATION D\u2019UN JUGE D\u2019INSTRUCTION DANS L\u2019AFFAIRE OLIVIER DUBOIS : Le cri du c\u0153ur de la famille sera-t-il entendu\u00a0?  \u00a0"},"content":{"rendered":"<div>\n<p><img loading=\"lazy\" decoding=\"async\" width=\"664\" height=\"443\" src=\"https:\/\/linitiative.ca\/International\/wp-content\/uploads\/sites\/23\/2022\/04\/DUBOIS.jpg\" class=\"attachment- size- wp-post-image\" alt=\"\" style=\"float:left; margin:0 15px 15px 0;\" srcset=\"https:\/\/linitiative.ca\/International\/wp-content\/uploads\/sites\/23\/2022\/04\/DUBOIS.jpg 664w, https:\/\/lepays.bf\/wp-content\/uploads\/2022\/04\/DUBOIS-300x200.jpg 300w, https:\/\/lepays.bf\/wp-content\/uploads\/2022\/04\/DUBOIS-150x100.jpg 150w, https:\/\/lepays.bf\/wp-content\/uploads\/2022\/04\/DUBOIS-128x86.jpg 128w\" sizes=\"auto, (max-width: 664px) 100vw, 664px\">Le 8 avril 2021, le journaliste fran\u00e7ais, Olivier Dubois, \u00e9tait enlev\u00e9 \u00e0 Gao, au Mali, par le Groupe de soutien \u00e0 l\u2019islam et aux musulmans (GSIM) li\u00e9 \u00e0 Al Qa\u00efda. Il est actuellement le seul otage fran\u00e7ais dans le monde. Apr\u00e8s les \u00e9motions des premiers [\u2026]<\/p>\n<p>L\u2019article <a rel=\"nofollow\" href=\"https:\/\/lepays.bf\/appel-a-la-designation-dun-juge-dinstruction-dans-laffaire-olivier-dubois-le-cri-du-coeur-de-la-famille-sera-t-il-entendu\/\">APPEL A LA DESIGNATION D\u2019UN JUGE D\u2019INSTRUCTION DANS L\u2019AFFAIRE OLIVIER DUBOIS : Le cri du c\u0153ur de la famille sera-t-il entendu\u00a0?  \u00a0<\/a> est apparu en premier sur <a rel=\"nofollow\" href=\"https:\/\/lepays.bf\/\">Editions Le Pays<\/a>.<\/p>\n<\/div>\n<p>Auteur: Editions LEPAYS<br \/>\n<a href=\"https:\/\/lepays.bf\/appel-a-la-designation-dun-juge-dinstruction-dans-laffaire-olivier-dubois-le-cri-du-coeur-de-la-famille-sera-t-il-entendu\/\">Cliquez ici pour lire l&rsquo;article depuis sa source.<\/a><\/p>\n","protected":false},"excerpt":{"rendered":"<p>Le 8 avril 2021, le journaliste fran\u00e7ais, Olivier Dubois, \u00e9tait enlev\u00e9 \u00e0 Gao, au Mali, par le Groupe de soutien \u00e0 l\u2019islam et aux musulmans (GSIM) li\u00e9 \u00e0 Al Qa\u00efda. Il est actuellement le seul otage fran\u00e7ais dans le monde. Apr\u00e8s les \u00e9motions des premiers [\u2026] L\u2019article APPEL A LA DESIGNATION D\u2019UN JUGE D\u2019INSTRUCTION DANS [&hellip;]<\/p>\n","protected":false},"author":1813,"featured_media":0,"comment_status":"closed","ping_status":"closed","sticky":false,"template":"","format":"standard","meta":{"fifu_image_url":"https:\/\/lepays.bf\/wp-content\/uploads\/2022\/04\/DUBOIS.jpg","fifu_image_alt":"APPEL A LA DESIGNATION D\u2019UN JUGE D\u2019INSTRUCTION DANS L\u2019AFFAIRE OLIVIER DUBOIS : Le cri du c\u0153ur de la famille sera-t-il entendu\u00a0?  \u00a0","footnotes":""},"categories":[73,81],"tags":[],"class_list":["post-145815","post","type-post","status-publish","format-standard","hentry","category-actualite","category-burkina-faso"],"_links":{"self":[{"href":"https:\/\/linitiative.ca\/International\/wp-json\/wp\/v2\/posts\/145815","targetHints":{"allow":["GET"]}}],"collection":[{"href":"https:\/\/linitiative.ca\/International\/wp-json\/wp\/v2\/posts"}],"about":[{"href":"https:\/\/linitiative.ca\/International\/wp-json\/wp\/v2\/types\/post"}],"author":[{"embeddable":true,"href":"https:\/\/linitiative.ca\/International\/wp-json\/wp\/v2\/users\/1813"}],"replies":[{"embeddable":true,"href":"https:\/\/linitiative.ca\/International\/wp-json\/wp\/v2\/comments?post=145815"}],"version-history":[{"count":0,"href":"https:\/\/linitiative.ca\/International\/wp-json\/wp\/v2\/posts\/145815\/revisions"}],"wp:attachment":[{"href":"https:\/\/linitiative.ca\/International\/wp-json\/wp\/v2\/media?parent=145815"}],"wp:term":[{"taxonomy":"category","embeddable":true,"href":"https:\/\/linitiative.ca\/International\/wp-json\/wp\/v2\/categories?post=145815"},{"taxonomy":"post_tag","embeddable":true,"href":"https:\/\/linitiative.ca\/International\/wp-json\/wp\/v2\/tags?post=145815"}],"curies":[{"name":"wp","href":"https:\/\/api.w.org\/{rel}","templated":true}]}}