{"id":145822,"date":"2022-04-18T17:13:42","date_gmt":"2022-04-18T21:13:42","guid":{"rendered":"https:\/\/linitiative.ca\/International\/lutte-contre-le-terrorisme-le-chef-de-letat-presente-sa-vision-aux-fds\/"},"modified":"2022-04-18T17:13:42","modified_gmt":"2022-04-18T21:13:42","slug":"lutte-contre-le-terrorisme-le-chef-de-letat-presente-sa-vision-aux-fds","status":"publish","type":"post","link":"https:\/\/linitiative.ca\/International\/lutte-contre-le-terrorisme-le-chef-de-letat-presente-sa-vision-aux-fds\/","title":{"rendered":"Lutte contre le terrorisme : le chef de l\u2019Etat pr\u00e9sente sa vision aux FDS"},"content":{"rendered":"<div>\n<p><strong>Le chef de l\u2019Etat, Paul-Henri Sandaogo Damiba s\u2019est rendu, le dimanche 17 avril 2022, \u00e0 Barsalogho (R\u00e9gion du Centre-Nord) et \u00e0 Djibo (R\u00e9gion du Sahel). Il y a encourag\u00e9 et f\u00e9licit\u00e9 les Forces de D\u00e9fense et de S\u00e9curit\u00e9 pour le travail abattu.<\/strong><\/p>\n<figure id=\"attachment_48238\" aria-describedby=\"caption-attachment-48238\" style=\"width: 300px\" class=\"wp-caption alignleft\"><img loading=\"lazy\" decoding=\"async\" class=\"wp-image-48238 size-medium\" src=\"https:\/\/linitiative.ca\/International\/wp-content\/uploads\/sites\/23\/2022\/04\/2-17-300x196-1.jpg\" alt=\"\" width=\"300\" height=\"196\" srcset=\"https:\/\/linitiative.ca\/International\/wp-content\/uploads\/sites\/23\/2022\/04\/2-17-300x196-1.jpg 300w, https:\/\/www.sidwaya.info\/wp-content\/uploads\/2022\/04\/2-17-150x98.jpg 150w, https:\/\/www.sidwaya.info\/wp-content\/uploads\/2022\/04\/2-17.jpg 595w\" sizes=\"auto, (max-width: 300px) 100vw, 300px\"><figcaption id=\"caption-attachment-48238\" class=\"wp-caption-text\">Le pr\u00e9sident du Faso, Paul Henri Damiba a pr\u00e9sent\u00e9 aux FDS les 2 piliers de la lutte contre le terrorisme.<\/figcaption><\/figure>\n<p>Le Pr\u00e9sident du Faso, chef de l\u2019Etat, chef Supr\u00eame des Arm\u00e9es, le lieutenant-colonel Paul-Henri Sandaogo Damiba a s\u00e9journ\u00e9 ce dimanche 17 avril 2022 dans les localit\u00e9s de Barsalogho et Djibo. Le Pr\u00e9sident Damiba a adress\u00e9 \u00e0 l\u2019ensemble des unit\u00e9s des Forces de D\u00e9fense et de S\u00e9curit\u00e9 ses encouragements et ses f\u00e9licitations pour le travail remarquable abattu quotidiennement.<\/p>\n<p>A Barsalogho (R\u00e9gion du Centre-Nord) et \u00e0 Djibo (R\u00e9gion du Sahel), il a d\u00e9clin\u00e9 aux Hommes sa vision de la lutte contre le terrorisme qui repose sur 2 piliers compl\u00e9mentaires \u00e0 savoir l\u2019offensive militaire contre les groupes radicaux et la mise en place d\u2019un m\u00e9canisme de dialogue pour ceux qui sont dans les dispositions d\u2019esprit \u00e0 renouer le dialogue avec la Nation. Le chef Supr\u00eame des Arm\u00e9es est revenu sur certains fondamentaux indispensables pour atteindre les objectifs fix\u00e9s. Il a invit\u00e9 les personnels de l\u2019Arm\u00e9e de Terre, de la Gendarmerie, de la Brigade nationale des Sapeurs-pompiers et de la Police nationale engag\u00e9s dans les op\u00e9rations de s\u00e9curisation du territoire national, \u00e0 faire preuve de coh\u00e9sion, de solidarit\u00e9 et de discipline dans cette lutte dont les enjeux d\u00e9passent largement les int\u00e9r\u00eats individuels ou corporatistes.<\/p>\n<p>Accompagn\u00e9 du commandant des Op\u00e9rations du Th\u00e9\u00e2tre national, du chef d\u2019Etat-Major de la Gendarmerie nationale et du directeur g\u00e9n\u00e9ral de la Police nationale, le chef de l\u2019Etat a pris note des pr\u00e9occupations des femmes et des hommes engag\u00e9s et les a rassur\u00e9s que des dispositions sont d\u00e9j\u00e0 prises pour renforcer les capacit\u00e9s op\u00e9rationnelles des unit\u00e9s combattantes.<\/p>\n<p style=\"text-align: right\"><strong>Direction de la communication <\/strong><\/p>\n<p style=\"text-align: right\"><strong>de la pr\u00e9sidence du Faso <\/strong><\/p>\n<p>L\u2019article <a rel=\"nofollow\" href=\"https:\/\/www.sidwaya.info\/blog\/2022\/04\/18\/lutte-contre-le-terrorisme-le-chef-de-letat-presente-sa-vision-aux-fds\/\">Lutte contre le terrorisme : le chef de l\u2019Etat pr\u00e9sente sa vision aux FDS<\/a> est apparu en premier sur <a rel=\"nofollow\" href=\"https:\/\/www.sidwaya.info\/\">Quotidien Sidwaya<\/a>.<\/p>\n<\/div>\n<p>Auteur: JK. Sidwaya<br \/>\n<a href=\"https:\/\/www.sidwaya.info\/blog\/2022\/04\/18\/lutte-contre-le-terrorisme-le-chef-de-letat-presente-sa-vision-aux-fds\/?utm_source=rss&#038;utm_medium=rss&#038;utm_campaign=lutte-contre-le-terrorisme-le-chef-de-letat-presente-sa-vision-aux-fds\">Cliquez ici pour lire l&rsquo;article depuis sa source.<\/a><\/p>\n","protected":false},"excerpt":{"rendered":"<p>Le chef de l\u2019Etat, Paul-Henri Sandaogo Damiba s\u2019est rendu, le dimanche 17 avril 2022, \u00e0 Barsalogho (R\u00e9gion du Centre-Nord) et \u00e0 Djibo (R\u00e9gion du Sahel). Il y a encourag\u00e9 et f\u00e9licit\u00e9 les Forces de D\u00e9fense et de S\u00e9curit\u00e9 pour le travail abattu. Le pr\u00e9sident du Faso, Paul Henri Damiba a pr\u00e9sent\u00e9 aux FDS les 2 [&hellip;]<\/p>\n","protected":false},"author":1816,"featured_media":0,"comment_status":"closed","ping_status":"closed","sticky":false,"template":"","format":"standard","meta":{"fifu_image_url":"https:\/\/www.sidwaya.info\/wp-content\/uploads\/2022\/04\/2-17-300x196.jpg","fifu_image_alt":"Lutte contre le terrorisme : le chef de l\u2019Etat pr\u00e9sente sa vision aux FDS","footnotes":""},"categories":[73,81],"tags":[],"class_list":["post-145822","post","type-post","status-publish","format-standard","hentry","category-actualite","category-burkina-faso"],"_links":{"self":[{"href":"https:\/\/linitiative.ca\/International\/wp-json\/wp\/v2\/posts\/145822","targetHints":{"allow":["GET"]}}],"collection":[{"href":"https:\/\/linitiative.ca\/International\/wp-json\/wp\/v2\/posts"}],"about":[{"href":"https:\/\/linitiative.ca\/International\/wp-json\/wp\/v2\/types\/post"}],"author":[{"embeddable":true,"href":"https:\/\/linitiative.ca\/International\/wp-json\/wp\/v2\/users\/1816"}],"replies":[{"embeddable":true,"href":"https:\/\/linitiative.ca\/International\/wp-json\/wp\/v2\/comments?post=145822"}],"version-history":[{"count":0,"href":"https:\/\/linitiative.ca\/International\/wp-json\/wp\/v2\/posts\/145822\/revisions"}],"wp:attachment":[{"href":"https:\/\/linitiative.ca\/International\/wp-json\/wp\/v2\/media?parent=145822"}],"wp:term":[{"taxonomy":"category","embeddable":true,"href":"https:\/\/linitiative.ca\/International\/wp-json\/wp\/v2\/categories?post=145822"},{"taxonomy":"post_tag","embeddable":true,"href":"https:\/\/linitiative.ca\/International\/wp-json\/wp\/v2\/tags?post=145822"}],"curies":[{"name":"wp","href":"https:\/\/api.w.org\/{rel}","templated":true}]}}