{"id":145824,"date":"2022-04-18T11:37:48","date_gmt":"2022-04-18T15:37:48","guid":{"rendered":"https:\/\/linitiative.ca\/International\/le-cameroun-se-joint-au-reste-du-monde-pour-celebrer-la-journee-internationale-des-enfants-des-rues\/"},"modified":"2022-04-18T11:37:48","modified_gmt":"2022-04-18T15:37:48","slug":"le-cameroun-se-joint-au-reste-du-monde-pour-celebrer-la-journee-internationale-des-enfants-des-rues","status":"publish","type":"post","link":"https:\/\/linitiative.ca\/International\/le-cameroun-se-joint-au-reste-du-monde-pour-celebrer-la-journee-internationale-des-enfants-des-rues\/","title":{"rendered":"Le Cameroun se joint au reste du monde pour c\u00e9l\u00e9brer la Journ\u00e9e internationale des enfants des rues"},"content":{"rendered":"<div>\n<p><img decoding=\"async\" width=\"600\" height=\"397\" src=\"https:\/\/linitiative.ca\/International\/wp-content\/uploads\/sites\/23\/2022\/04\/4c37b73d5a4828ce04734b26bb0cd7d6_L.jpg\" class=\"attachment-post-thumbnail size-post-thumbnail wp-post-image\" alt=\"\" loading=\"lazy\" srcset=\"https:\/\/linitiative.ca\/International\/wp-content\/uploads\/sites\/23\/2022\/04\/4c37b73d5a4828ce04734b26bb0cd7d6_L.jpg 600w, https:\/\/www.journalducameroun.com\/wp-content\/uploads\/2022\/04\/4c37b73d5a4828ce04734b26bb0cd7d6_L-300x199.jpg 300w\" sizes=\"auto, (max-width: 600px) 100vw, 600px\"><\/p>\n<h2>Les autorit\u00e9s du pays ont d\u00e9plac\u00e9 mardi dernier 150 enfants des rues de la capitale vers des centres pour enfants abandonn\u00e9s dans le cadre de la c\u00e9l\u00e9bration de la Journ\u00e9e internationale des enfants des rues.<\/h2>\n<p>Le gouvernement affirme que le nombre <strong>d&rsquo;enfants des rues<\/strong> au Cameroun a fortement augment\u00e9 en raison de la pauvret\u00e9, de la pand\u00e9mie de COVID-19 et des conflits aux fronti\u00e8res du pays.<\/p>\n<p>Des groupes de d\u00e9fense des droits et humanitaires se sont d\u00e9plac\u00e9s de rue en rue, visitant les march\u00e9s, les rives et les b\u00e2timents abandonn\u00e9s de la capitale du Cameroun, Yaound\u00e9, \u00e0 la recherche d&rsquo;enfants sans abris.<\/p>\n<p>Lorsqu&rsquo;ils ont \u00e9t\u00e9 retrouv\u00e9s, certains enfants ont accept\u00e9 d&rsquo;aller dans des centres d&rsquo;accueil. D&rsquo;autres ont refus\u00e9 et ont re\u00e7u des v\u00eatements et de la nourriture.<\/p>\n<p>Rachel Balafai, responsable du <strong>Street Child Center<\/strong>, une organisation caritative de Yaound\u00e9, a d\u00e9clar\u00e9 que la perquisition a \u00e9t\u00e9 effectu\u00e9e la nuit car c&rsquo;est \u00e0 ce moment-l\u00e0 que les chercheurs pensent qu&rsquo;ils trouveront les enfants et pourront voir les conditions dans lesquelles ils vivent.<\/p>\n<p>Balafai a fait savoir que son association avait donn\u00e9 cette semaine de la nourriture et des v\u00eatements \u00e0 230 enfants des rues originaires de la fronti\u00e8re nord du Cameroun avec le Nigeria.<\/p>\n<p>Elle renseigne que des personnes mal inform\u00e9es dans le nord du Cameroun font croire aux enfants qu&rsquo;il existe des possibilit\u00e9s d&rsquo;am\u00e9liorer leurs conditions de vie \u00e0 Douala et \u00e0 Yaound\u00e9, les plus grandes villes du Cameroun. Balafai a d\u00e9clar\u00e9 que certains des enfants sont orphelins.<\/p>\n<p>De plus, certains de ces enfants se r\u00e9v\u00e8lent \u00eatre des voleurs alors qu&rsquo;ils se d\u00e9placent harcelant les passants.<\/p>\n<p>Certains parents envoient intentionnellement les petits dans la rue pour qu&rsquo;ils vendent et rendent l&rsquo;argent \u00e0 la maison.<\/p>\n<p>Le <strong>Pr Servir Awom<\/strong> un psychologue expliqu\u00e9 que, <em>&lt;&lt;ces<\/em> enfants<em>\u00a0doivent suivre un processus de r\u00e9\u00e9ducation. Ils ont une mauvaise incersion sociale et ne peuvent donc pas \u00eatre laiss\u00e9s l\u00e0-bas sans aucune orientation. L&rsquo;ONU et le gouvernement camerounais s&rsquo;efforcent d&rsquo;offrir un meilleur environnement \u00e0 ces enfants et jusqu&rsquo;\u00e0 pr\u00e9sent, je pense que cela porte ses fruits.&gt;&gt;<\/em><\/p>\n<p>Cet article <a rel=\"nofollow\" href=\"https:\/\/www.journalducameroun.com\/le-cameroun-se-joint-au-reste-du-monde-pour-celebrer-la-journee-internationale-des-enfants-des-rues\/\">Le Cameroun se joint au reste du monde pour c\u00e9l\u00e9brer la Journ\u00e9e internationale des enfants des rues<\/a> est apparu en premier sur <a rel=\"nofollow\" href=\"https:\/\/www.journalducameroun.com\/\">Journal du Cameroun<\/a>.<\/p>\n<\/div>\n<p>Auteur: Paul Wandji<br \/>\n<a href=\"https:\/\/www.journalducameroun.com\/le-cameroun-se-joint-au-reste-du-monde-pour-celebrer-la-journee-internationale-des-enfants-des-rues\/\">Cliquez ici pour lire l&rsquo;article depuis sa source.<\/a><\/p>\n","protected":false},"excerpt":{"rendered":"<p>Les autorit\u00e9s du pays ont d\u00e9plac\u00e9 mardi dernier 150 enfants des rues de la capitale vers des centres pour enfants abandonn\u00e9s dans le cadre de la c\u00e9l\u00e9bration de la Journ\u00e9e internationale des enfants des rues. Le gouvernement affirme que le nombre d&rsquo;enfants des rues au Cameroun a fortement augment\u00e9 en raison de la pauvret\u00e9, de [&hellip;]<\/p>\n","protected":false},"author":1965,"featured_media":0,"comment_status":"closed","ping_status":"closed","sticky":false,"template":"","format":"standard","meta":{"fifu_image_url":"https:\/\/www.journalducameroun.com\/wp-content\/uploads\/2022\/04\/4c37b73d5a4828ce04734b26bb0cd7d6_L.jpg","fifu_image_alt":"Le Cameroun se joint au reste du monde pour c\u00e9l\u00e9brer la Journ\u00e9e internationale des enfants des rues","footnotes":""},"categories":[73,82],"tags":[],"class_list":["post-145824","post","type-post","status-publish","format-standard","hentry","category-actualite","category-cameroun"],"_links":{"self":[{"href":"https:\/\/linitiative.ca\/International\/wp-json\/wp\/v2\/posts\/145824","targetHints":{"allow":["GET"]}}],"collection":[{"href":"https:\/\/linitiative.ca\/International\/wp-json\/wp\/v2\/posts"}],"about":[{"href":"https:\/\/linitiative.ca\/International\/wp-json\/wp\/v2\/types\/post"}],"author":[{"embeddable":true,"href":"https:\/\/linitiative.ca\/International\/wp-json\/wp\/v2\/users\/1965"}],"replies":[{"embeddable":true,"href":"https:\/\/linitiative.ca\/International\/wp-json\/wp\/v2\/comments?post=145824"}],"version-history":[{"count":0,"href":"https:\/\/linitiative.ca\/International\/wp-json\/wp\/v2\/posts\/145824\/revisions"}],"wp:attachment":[{"href":"https:\/\/linitiative.ca\/International\/wp-json\/wp\/v2\/media?parent=145824"}],"wp:term":[{"taxonomy":"category","embeddable":true,"href":"https:\/\/linitiative.ca\/International\/wp-json\/wp\/v2\/categories?post=145824"},{"taxonomy":"post_tag","embeddable":true,"href":"https:\/\/linitiative.ca\/International\/wp-json\/wp\/v2\/tags?post=145824"}],"curies":[{"name":"wp","href":"https:\/\/api.w.org\/{rel}","templated":true}]}}