{"id":145832,"date":"2022-04-18T15:18:08","date_gmt":"2022-04-18T19:18:08","guid":{"rendered":"https:\/\/linitiative.ca\/International\/la-bid-va-decaisser-233-milliards-f-cfa-en-faveur-du-senegal\/"},"modified":"2022-04-18T15:18:08","modified_gmt":"2022-04-18T19:18:08","slug":"la-bid-va-decaisser-233-milliards-f-cfa-en-faveur-du-senegal","status":"publish","type":"post","link":"https:\/\/linitiative.ca\/International\/la-bid-va-decaisser-233-milliards-f-cfa-en-faveur-du-senegal\/","title":{"rendered":"La Bid va d\u00e9caisser 233 milliards F CFA en faveur du S\u00e9n\u00e9gal"},"content":{"rendered":"<div>\n<p><img decoding=\"async\" width=\"2560\" height=\"1604\" src=\"https:\/\/linitiative.ca\/International\/wp-content\/uploads\/sites\/23\/2022\/04\/16503094899030.jpg\" class=\"attachment-post-thumbnail size-post-thumbnail wp-post-image\" alt=\"\" loading=\"lazy\"><\/p>\n<p>Amadou Hott, ministre de l&rsquo;\u00c9conomie, du Plan et de la Coop\u00e9ration et Muhammad Sulaiman Al-Jasser, pr\u00e9sident du Groupe de la Banque islamique de d\u00e9veloppement (Bid) ont sign\u00e9, ce dimanche \u00e0 Djeddah, en Arabie Saoudite, trois accords de financement.La Banque islamique de d\u00e9veloppement (Bid), l&rsquo;un des partenaires financiers les plus dynamiques de l&rsquo;\u00c9tat du S\u00e9n\u00e9gal, s&rsquo;engage \u00e0 participer \u00e0 la construction de l&rsquo;Autoroute Dakar-Tivaouane-Saint Louis (156 milliards F CFA), \u00e0 la mise en \u0153uvre de la Phase 2 du Train express r\u00e9gional Diamniadio-AIBD (65,5 milliards F CFA) et \u00e0 l&rsquo;\u00e9rection d&rsquo;un complexe commercial et r\u00e9sidentiel Waqf\u00a0au profit des daaras qui sont des \u00e9coles traditionnelles d&rsquo;apprentissage du Coran (environ 12 milliards F CFA).<\/p>\n<p>Ces montants cumul\u00e9s font 233,595 milliards F CFA, soit plus de 356 millions d&rsquo;euros. \u00ab L&rsquo;Autoroute Dakar-Tivaouane-Saint Louis permettra de d\u00e9senclaver de vastes zones agricoles au Nord et constituera un important levier \u00e9conomique pour l&rsquo;exploitation p\u00e9troli\u00e8re et gazi\u00e8re en perspective dans la zone de Saint-Louis\u00a0\u00bb, indique un communiqu\u00e9 du minist\u00e8re de l&rsquo;\u00c9conomie, du Plan et de la Coop\u00e9ration.<\/p>\n<p>De plus, indique la source, cette infrastructure routi\u00e8re contribuera au d\u00e9sengorgement de Dakar en ouvrant de bonnes perspectives \u00e0 l&rsquo;int\u00e9rieur du pays avec notamment le p\u00f4le du Lac Rose. Au plan sous-r\u00e9gional, le S\u00e9n\u00e9gal pr\u00e9sente cette voie de communication comme un maillon essentiel du corridor Alger-Tanger-Nouakchott-Dakar-Conakry-Abidjan-Lagos.<\/p>\n<p>Pour ce qui est du Train express r\u00e9gional (Ter), le gouvernement s\u00e9n\u00e9galais estime qu&rsquo;il va permettre \u00ab de favoriser une politique de d\u00e9veloppement urbain et rural \u00e0 l&rsquo;ext\u00e9rieur des zones satur\u00e9es de Dakar, de contribuer \u00e0 la r\u00e9solution des probl\u00e8mes de mobilit\u00e9 urbaine et interurbaine entre Dakar et les capitales r\u00e9gionales, de relier Dakar \u00e0 d&rsquo;importants p\u00f4les de d\u00e9veloppement tels que la nouvelle zone \u00e9conomique int\u00e9gr\u00e9e de Diamniadio, l&rsquo;A\u00e9roport International Blaise Diagne (AIBD), le centre touristique de Mbour, ainsi que l&rsquo;int\u00e9rieur du pays, etc. \u00bb<\/p>\n<p>Enfin, le complexe commercial et r\u00e9sidentiel Waqf \u00ab de 19 niveaux \u00bb sera b\u00e2ti \u00ab sur un terrain de 2273 m\u00b2 \u00bb. L&rsquo;objectif est de g\u00e9n\u00e9rer des ressources pour la modernisation des daaras au S\u00e9n\u00e9gal.<\/p>\n<p>Cet article <a rel=\"nofollow\" href=\"https:\/\/www.journalducameroun.com\/la-bid-va-decaisser-233-milliards-f-cfa-en-faveur-du-senegal\/\">La Bid va d\u00e9caisser 233 milliards F CFA en faveur du S\u00e9n\u00e9gal<\/a> est apparu en premier sur <a rel=\"nofollow\" href=\"https:\/\/www.journalducameroun.com\/\">Journal du Cameroun<\/a>.<\/p>\n<\/div>\n<p>Auteur: APA News<br \/>\n<a href=\"https:\/\/www.journalducameroun.com\/la-bid-va-decaisser-233-milliards-f-cfa-en-faveur-du-senegal\/\">Cliquez ici pour lire l&rsquo;article depuis sa source.<\/a><\/p>\n","protected":false},"excerpt":{"rendered":"<p>Amadou Hott, ministre de l&rsquo;\u00c9conomie, du Plan et de la Coop\u00e9ration et Muhammad Sulaiman Al-Jasser, pr\u00e9sident du Groupe de la Banque islamique de d\u00e9veloppement (Bid) ont sign\u00e9, ce dimanche \u00e0 Djeddah, en Arabie Saoudite, trois accords de financement.La Banque islamique de d\u00e9veloppement (Bid), l&rsquo;un des partenaires financiers les plus dynamiques de l&rsquo;\u00c9tat du S\u00e9n\u00e9gal, s&rsquo;engage [&hellip;]<\/p>\n","protected":false},"author":1965,"featured_media":0,"comment_status":"closed","ping_status":"closed","sticky":false,"template":"","format":"standard","meta":{"fifu_image_url":"https:\/\/www.journalducameroun.com\/wp-content\/uploads\/2022\/04\/16503094899030.jpg","fifu_image_alt":"La Bid va d\u00e9caisser 233 milliards F CFA en faveur du S\u00e9n\u00e9gal","footnotes":""},"categories":[73,82],"tags":[],"class_list":["post-145832","post","type-post","status-publish","format-standard","hentry","category-actualite","category-cameroun"],"_links":{"self":[{"href":"https:\/\/linitiative.ca\/International\/wp-json\/wp\/v2\/posts\/145832","targetHints":{"allow":["GET"]}}],"collection":[{"href":"https:\/\/linitiative.ca\/International\/wp-json\/wp\/v2\/posts"}],"about":[{"href":"https:\/\/linitiative.ca\/International\/wp-json\/wp\/v2\/types\/post"}],"author":[{"embeddable":true,"href":"https:\/\/linitiative.ca\/International\/wp-json\/wp\/v2\/users\/1965"}],"replies":[{"embeddable":true,"href":"https:\/\/linitiative.ca\/International\/wp-json\/wp\/v2\/comments?post=145832"}],"version-history":[{"count":0,"href":"https:\/\/linitiative.ca\/International\/wp-json\/wp\/v2\/posts\/145832\/revisions"}],"wp:attachment":[{"href":"https:\/\/linitiative.ca\/International\/wp-json\/wp\/v2\/media?parent=145832"}],"wp:term":[{"taxonomy":"category","embeddable":true,"href":"https:\/\/linitiative.ca\/International\/wp-json\/wp\/v2\/categories?post=145832"},{"taxonomy":"post_tag","embeddable":true,"href":"https:\/\/linitiative.ca\/International\/wp-json\/wp\/v2\/tags?post=145832"}],"curies":[{"name":"wp","href":"https:\/\/api.w.org\/{rel}","templated":true}]}}