{"id":145834,"date":"2022-04-18T08:42:41","date_gmt":"2022-04-18T12:42:41","guid":{"rendered":"https:\/\/linitiative.ca\/International\/le-port-de-kribi-va-se-doter-dun-systeme-de-mesure-de-la-performance\/"},"modified":"2022-04-18T08:42:41","modified_gmt":"2022-04-18T12:42:41","slug":"le-port-de-kribi-va-se-doter-dun-systeme-de-mesure-de-la-performance","status":"publish","type":"post","link":"https:\/\/linitiative.ca\/International\/le-port-de-kribi-va-se-doter-dun-systeme-de-mesure-de-la-performance\/","title":{"rendered":"Le Port de Kribi va se doter d\u2019un syst\u00e8me de mesure de la performance"},"content":{"rendered":"<div>\n<p>Dans un contexte de d\u00e9veloppement, la question de la performance est pr\u00e9gnante. Le Port de Kribi dont le fil conducteur est le d\u00e9veloppement, vient de lancer un appel d\u2019offre international pour le recrutement d\u2019un consultant pour une mission d\u2019accompagnement dans la mise en place d\u2019un syst\u00e8me de mesure et de pilotage de la performance. Le partenaire priv\u00e9 qui sera retenu \u00e0 l\u2019issue de cet appel aura pour principales missions: l\u2019\u00e9laboration d\u2019une cartographie des activit\u00e9s et des processus de l\u2019entreprise ; l\u2019identification des facteurs critiques de succ\u00e8s de l\u2019entreprise (FCS) ; l\u2019\u00e9laboration de la carte strat\u00e9gique du PAK notamment par la classification et la mise en coh\u00e9rence des objectifs et initiatives strat\u00e9giques d\u00e9coulant des diff\u00e9rentes \u00e9tudes sectorielles. La d\u00e9finition d\u2019un cadre de programmation d\u2019activit\u00e9s adoss\u00e9 sur les tableaux de bord op\u00e9ration. Figure \u00e9galement dans la liste de ses t\u00e2ches, le diagnostic du Syst\u00e8me d\u2019Information (SI) en place afin d\u2019\u00e9valuer sa capacit\u00e9 de r\u00e9pondre aux besoins informationnels induits par ce projet de mise en place et la r\u00e9alisation le cas \u00e9ch\u00e9ant des d\u00e9veloppements logiciels n\u00e9cessaires \u00e0 l\u2019\u00e9volution du syst\u00e8me d\u2019information. Le d\u00e9lai d\u2019ex\u00e9cution des prestations est de neuf mois, pour un co\u00fbt pr\u00e9visionnel de 80 millions de FCFA. Les offres doivent parvenir au PAK au plus tard le 18 avril 2022.<\/p>\n<p><strong>Lire aussi : <a href=\"https:\/\/ecomatin.net\/le-port-de-kribi-sollicite-lexpertise-de-lespagnol-prodevelop-sl-pour-la-mise-a-jour-de-son-systeme-dinformation\/\" target=\"_blank\" rel=\"noreferrer noopener\">Le Port de Kribi sollicite l\u2019expertise de l\u2019espagnol Prodevelop SL pour la mise \u00e0 jour de son syst\u00e8me d\u2019information<\/a><\/strong><\/p>\n<p>L\u2019initiative de l\u2019autorit\u00e9 portuaire intervient quelques semaines apr\u00e8s qu\u2019il a paraph\u00e9 un accord de partenariat au mois de f\u00e9vrier avec l\u2019espagnol Prodevelop SL. Selon les termes de cette collaboration, l\u2019entreprise espagnole va s\u2019occuper de la mise \u00e0 jour du Syst\u00e8me d\u2019information g\u00e9ographique (SIG) du PAK. C\u2019est en octobre 2021 que l\u2019autorit\u00e9 portuaire a mis en place ce syst\u00e8me dans le but d\u2019assurer la mise en \u0153uvre harmonieuse d\u2019une planification des investissements \u00e0 r\u00e9aliser. \u00ab Contribuant au d\u00e9veloppement \u00e9conomique durable du PAK, il vise \u00e0 pr\u00e9server ses \u00e9quilibres territoriaux \u00e0 travers le sch\u00e9ma directeur d\u2019am\u00e9nagement et de d\u00e9veloppement durable \u00bb, explique le PAK.<\/p>\n<p><strong>Lire aussi : <a href=\"https:\/\/ecomatin.net\/le-port-de-kribi-sassocie-au-marocain-tanger-pour-sa-deuxieme-phase-de-construction\/\" target=\"_blank\" rel=\"noreferrer noopener\">Le port de Kribi s\u2019associe au Marocain Tanger pour sa deuxi\u00e8me phase de construction<\/a><\/strong><\/p>\n<p>Notons que le SIG offre un large \u00e9ventail de possibilit\u00e9s des bases de donn\u00e9es (telles que requ\u00eates et analyses statistiques) et ce, au travers d\u2019une visualisation unique et d\u2019analyses g\u00e9ographiques propres aux cartes. Ces capacit\u00e9s sp\u00e9cifiques font du SIG un outil unique, accessible \u00e0 un public tr\u00e8s large et s\u2019adressant \u00e0 une tr\u00e8s grande vari\u00e9t\u00e9 d\u2019applications.<\/p>\n<p><strong>Lire aussi : <a href=\"https:\/\/ecomatin.net\/le-trafic-conteneurs-du-port-de-kribi-augmente-de-114-en-2021\/\" target=\"_blank\" rel=\"noreferrer noopener\">Le trafic conteneurs du Port de Kribi augmente de 114% en 2021<\/a><\/strong><\/p>\n<p>L\u2019article <a rel=\"nofollow\" href=\"https:\/\/ecomatin.net\/le-port-de-kribi-va-se-doter-dun-systeme-de-mesure-de-la-performance\/\">Le Port de Kribi va se doter d\u2019un syst\u00e8me de mesure de la performance<\/a> est apparu en premier sur <a rel=\"nofollow\" href=\"https:\/\/ecomatin.net\/\">EcoMatin<\/a>.<\/p>\n<\/div>\n<p>Auteur: Amina MALLOUM<br \/>\n<a href=\"https:\/\/ecomatin.net\/le-port-de-kribi-va-se-doter-dun-systeme-de-mesure-de-la-performance\/\">Cliquez ici pour lire l&rsquo;article depuis sa source.<\/a><\/p>\n","protected":false},"excerpt":{"rendered":"<p>Dans un contexte de d\u00e9veloppement, la question de la performance est pr\u00e9gnante. Le Port de Kribi dont le fil conducteur est le d\u00e9veloppement, vient de lancer un appel d\u2019offre international pour le recrutement d\u2019un consultant pour une mission d\u2019accompagnement dans la mise en place d\u2019un syst\u00e8me de mesure et de pilotage de la performance. Le [&hellip;]<\/p>\n","protected":false},"author":1969,"featured_media":0,"comment_status":"closed","ping_status":"closed","sticky":false,"template":"","format":"standard","meta":{"fifu_image_url":"","fifu_image_alt":"","footnotes":""},"categories":[82,78],"tags":[],"class_list":["post-145834","post","type-post","status-publish","format-standard","hentry","category-cameroun","category-economie"],"_links":{"self":[{"href":"https:\/\/linitiative.ca\/International\/wp-json\/wp\/v2\/posts\/145834","targetHints":{"allow":["GET"]}}],"collection":[{"href":"https:\/\/linitiative.ca\/International\/wp-json\/wp\/v2\/posts"}],"about":[{"href":"https:\/\/linitiative.ca\/International\/wp-json\/wp\/v2\/types\/post"}],"author":[{"embeddable":true,"href":"https:\/\/linitiative.ca\/International\/wp-json\/wp\/v2\/users\/1969"}],"replies":[{"embeddable":true,"href":"https:\/\/linitiative.ca\/International\/wp-json\/wp\/v2\/comments?post=145834"}],"version-history":[{"count":0,"href":"https:\/\/linitiative.ca\/International\/wp-json\/wp\/v2\/posts\/145834\/revisions"}],"wp:attachment":[{"href":"https:\/\/linitiative.ca\/International\/wp-json\/wp\/v2\/media?parent=145834"}],"wp:term":[{"taxonomy":"category","embeddable":true,"href":"https:\/\/linitiative.ca\/International\/wp-json\/wp\/v2\/categories?post=145834"},{"taxonomy":"post_tag","embeddable":true,"href":"https:\/\/linitiative.ca\/International\/wp-json\/wp\/v2\/tags?post=145834"}],"curies":[{"name":"wp","href":"https:\/\/api.w.org\/{rel}","templated":true}]}}