{"id":145843,"date":"2022-04-19T08:45:28","date_gmt":"2022-04-19T12:45:28","guid":{"rendered":"https:\/\/linitiative.ca\/International\/covid-la-situation-epidemiologique-toujours-stable-au-maroc\/"},"modified":"2022-04-19T08:45:28","modified_gmt":"2022-04-19T12:45:28","slug":"covid-la-situation-epidemiologique-toujours-stable-au-maroc","status":"publish","type":"post","link":"https:\/\/linitiative.ca\/International\/covid-la-situation-epidemiologique-toujours-stable-au-maroc\/","title":{"rendered":"Covid : La situation \u00e9pid\u00e9miologique toujours stable au Maroc"},"content":{"rendered":"<div>\n<p><img decoding=\"async\" width=\"300\" height=\"153\" src=\"https:\/\/linitiative.ca\/International\/wp-content\/uploads\/sites\/23\/2022\/04\/Mouad-Mrabet-300x153-1.jpg\" class=\"attachment-medium size-medium wp-post-image\" alt=\"\" loading=\"lazy\" srcset=\"https:\/\/linitiative.ca\/International\/wp-content\/uploads\/sites\/23\/2022\/04\/Mouad-Mrabet-300x153-1.jpg 300w, https:\/\/aujourdhui.ma\/wp-content\/uploads\/2022\/04\/Mouad-Mrabet-274x140.jpg 274w, https:\/\/aujourdhui.ma\/wp-content\/uploads\/2022\/04\/Mouad-Mrabet.jpg 746w, https:\/\/aujourdhui.ma\/wp-content\/uploads\/2022\/04\/Mouad-Mrabet-165x84.jpg 165w, https:\/\/aujourdhui.ma\/wp-content\/uploads\/2022\/04\/Mouad-Mrabet-702x358.jpg 702w\" sizes=\"auto, (max-width: 300px) 100vw, 300px\"><\/p>\n<p><span style=\"font-size: 20px; color: #800000;\"><strong>Une baisse a \u00e9t\u00e9 enregistr\u00e9e durant les deux derni\u00e8res semaines de 8,7% puis 30,4%<\/strong><\/span><br \/>\n<span id=\"more-405610\"><\/span><\/p>\n<p>La situation \u00e9pid\u00e9miologique de l\u2019infection au SARS-CoV-2 demeure toujours stable au Maroc. Dans un commentaire, post\u00e9 sur LinkedIn, le coordonnateur du Centre national des op\u00e9rations d\u2019urgence de sant\u00e9 publique, Mouad Merabet, a signal\u00e9 une faible circulation virale sur l\u2019ensemble du territoire national \u00e0 la 7\u00e8me semaine de la 3\u00e8me p\u00e9riode inter-vague. Ce dernier a indiqu\u00e9 qu\u2019apr\u00e8s deux semaines de discr\u00e8te hausse des nouvelles contaminations, une baisse a \u00e9t\u00e9 enregistr\u00e9e durant les deux derni\u00e8res semaines avec une variation de -8,7% puis -30,4%.<\/p>\n<p>Le Dr Merabet a r\u00e9v\u00e9l\u00e9 que le taux de positivit\u00e9 hebdomadaire a diminu\u00e9 cette derni\u00e8re semaine de 1,3% \u00e0 0,9%. Pour sa part, le taux de reproduction effectif (Rt) \u00e0 la date du 17 avril 2022 est de 0.90 (+\/- 0.05). Selon le coordonnateur du Centre national des op\u00e9rations d\u2019urgence de sant\u00e9 publique, le nombre de d\u00e9c\u00e8s hebdomadaires ces deux derni\u00e8res semaines est le plus faible depuis le d\u00e9but de la pand\u00e9mie au Maroc. Ce dernier a fait savoir que 11 nouveaux cas de covidose grave ont \u00e9t\u00e9 enregistr\u00e9s durant la semaine du 11-17\/02\/2022 et 14 malades ont quitt\u00e9 les services de r\u00e9animation et soins intensifs apr\u00e8s am\u00e9lioration de leurs \u00e9tats cliniques.<\/p>\n<p>Le Dr Merabet a aussi r\u00e9v\u00e9l\u00e9 que les donn\u00e9es du consortium national de veille g\u00e9nomique montrent qu\u2019Omicron est le variant circulant au Maroc avec 49% de BA.2, 46% de BA.1 et 5% d\u2019autres sous-variants. Rappelons que le minist\u00e8re de la sant\u00e9 et de la protection sociale a fait \u00e9tat dimanche d\u2019un nouveau d\u00e9c\u00e8s et de 36 nouveaux cas d\u2019infection. Dans son bulletin quotidien sur la situation \u00e9pid\u00e9miologique, le minist\u00e8re a aussi signal\u00e9 31 gu\u00e9risons. Le nouveau bilan d\u2019infections porte \u00e0 1.164.381 le nombre total des contaminations depuis le premier cas signal\u00e9 au Maroc le 2 mars 2020, tandis que le nombre des personnes r\u00e9tablies est pass\u00e9 \u00e0 1.147.674, soit un taux de gu\u00e9rison de 98,6%. Le nombre total des d\u00e9c\u00e8s est pass\u00e9 \u00e0 16.063 (l\u00e9talit\u00e9 1,4%), avec un cas enregistr\u00e9 en 24 heures dans la r\u00e9gion de Marrakech-Safi. Quant au taux d\u2019occupation des lits de r\u00e9animation, il se situe \u00e0 0,2%. Par ailleurs, le nombre de primo-vaccin\u00e9s a atteint 24.798.525, celui des personnes ayant re\u00e7u deux doses s\u2019\u00e9l\u00e8ve \u00e0 23.274.909. Au total, 6.208.174 personnes ont re\u00e7u trois injections du vaccin.<\/p>\n<p>Malgr\u00e9 une stabilit\u00e9 de la situation \u00e9pid\u00e9miologique, la vigilance est de mise. Il y a encore quelques jours, l\u2019OMS a averti que la Covid peut provoquer encore de grandes \u00e9pid\u00e9mies. La maladie de Covid-19 est loin d\u2019\u00eatre end\u00e9mique et peut encore provoquer \u00abde grandes \u00e9pid\u00e9mies\u00bb, ont indiqu\u00e9 des responsables de l\u2019OMS jeudi dernier. \u00abNous sommes toujours au milieu de cette pand\u00e9mie, nous aimerions tous que ce ne soit pas le cas, mais nous ne sommes pas \u00e0 un stade end\u00e9mique\u00bb, a d\u00e9clar\u00e9 la responsable de la lutte contre la Covid pour l\u2019OMS, Maria Van Kerkhove. Le Comit\u00e9 d\u2019urgence de l\u2019OMS sur la Covid-19 a estim\u00e9 que ce n\u2019\u00e9tait pas \u00able moment de baisser la garde\u00bb. Le directeur g\u00e9n\u00e9ral de l\u2019organisation, Tedros Adhanom Ghebreyesus, a donc maintenu l\u2019urgence de sant\u00e9 publique de port\u00e9e internationale pour la Covid-19, le niveau d\u2019alerte le plus \u00e9lev\u00e9 de l\u2019OMS.<\/p>\n<\/div>\n<p>Auteur: ALM<br \/>\n<a href=\"https:\/\/aujourdhui.ma\/societe\/covid-la-situation-epidemiologique-toujours-stable-au-maroc\">Cliquez ici pour lire l&rsquo;article depuis sa source.<\/a><\/p>\n","protected":false},"excerpt":{"rendered":"<p>Une baisse a \u00e9t\u00e9 enregistr\u00e9e durant les deux derni\u00e8res semaines de 8,7% puis 30,4% La situation \u00e9pid\u00e9miologique de l\u2019infection au SARS-CoV-2 demeure toujours stable au Maroc. Dans un commentaire, post\u00e9 sur LinkedIn, le coordonnateur du Centre national des op\u00e9rations d\u2019urgence de sant\u00e9 publique, Mouad Merabet, a signal\u00e9 une faible circulation virale sur l\u2019ensemble du territoire [&hellip;]<\/p>\n","protected":false},"author":1759,"featured_media":0,"comment_status":"closed","ping_status":"closed","sticky":false,"template":"","format":"standard","meta":{"fifu_image_url":"https:\/\/aujourdhui.ma\/wp-content\/uploads\/2022\/04\/Mouad-Mrabet-300x153.jpg","fifu_image_alt":"Covid : La situation \u00e9pid\u00e9miologique toujours stable au Maroc","footnotes":""},"categories":[73,54],"tags":[],"class_list":["post-145843","post","type-post","status-publish","format-standard","hentry","category-actualite","category-maroc"],"_links":{"self":[{"href":"https:\/\/linitiative.ca\/International\/wp-json\/wp\/v2\/posts\/145843","targetHints":{"allow":["GET"]}}],"collection":[{"href":"https:\/\/linitiative.ca\/International\/wp-json\/wp\/v2\/posts"}],"about":[{"href":"https:\/\/linitiative.ca\/International\/wp-json\/wp\/v2\/types\/post"}],"author":[{"embeddable":true,"href":"https:\/\/linitiative.ca\/International\/wp-json\/wp\/v2\/users\/1759"}],"replies":[{"embeddable":true,"href":"https:\/\/linitiative.ca\/International\/wp-json\/wp\/v2\/comments?post=145843"}],"version-history":[{"count":0,"href":"https:\/\/linitiative.ca\/International\/wp-json\/wp\/v2\/posts\/145843\/revisions"}],"wp:attachment":[{"href":"https:\/\/linitiative.ca\/International\/wp-json\/wp\/v2\/media?parent=145843"}],"wp:term":[{"taxonomy":"category","embeddable":true,"href":"https:\/\/linitiative.ca\/International\/wp-json\/wp\/v2\/categories?post=145843"},{"taxonomy":"post_tag","embeddable":true,"href":"https:\/\/linitiative.ca\/International\/wp-json\/wp\/v2\/tags?post=145843"}],"curies":[{"name":"wp","href":"https:\/\/api.w.org\/{rel}","templated":true}]}}