{"id":145854,"date":"2022-04-18T19:33:00","date_gmt":"2022-04-18T23:33:00","guid":{"rendered":"https:\/\/linitiative.ca\/International\/jerada-un-concours-au-profit-des-jeunes-porteurs-de-projets-innovants\/"},"modified":"2022-04-18T19:33:00","modified_gmt":"2022-04-18T23:33:00","slug":"jerada-un-concours-au-profit-des-jeunes-porteurs-de-projets-innovants","status":"publish","type":"post","link":"https:\/\/linitiative.ca\/International\/jerada-un-concours-au-profit-des-jeunes-porteurs-de-projets-innovants\/","title":{"rendered":"Jerada : Un concours au profit des jeunes porteurs de projets innovants"},"content":{"rendered":"<div>\n<div style=\"margin-bottom:20px;\"><img loading=\"lazy\" decoding=\"async\" width=\"750\" height=\"430\" src=\"https:\/\/linitiative.ca\/International\/wp-content\/uploads\/sites\/23\/2022\/04\/Inauguration-dune-plateforme-des-jeunes-750C397430-MAP.jpg\" class=\"attachment-post-thumbnail size-post-thumbnail wp-post-image\" alt=\"\" srcset=\"https:\/\/linitiative.ca\/International\/wp-content\/uploads\/sites\/23\/2022\/04\/Inauguration-dune-plateforme-des-jeunes-750C397430-MAP.jpg 750w, https:\/\/www.mapoujda.ma\/map\/uploads\/2021\/08\/Inauguration-dune-plateforme-des-jeunes-750\u00d7430-MAP-300x172.jpg 300w\" sizes=\"auto, (max-width: 750px) 100vw, 750px\"><\/div>\n<p style=\"text-align: justify;\">Le Comit\u00e9 provincial de d\u00e9veloppement humain (CPDH) de Jerada a lanc\u00e9, en collaboration avec l\u2019association provinciale de d\u00e9veloppement des comp\u00e9tences des jeunes, un concours d\u2019id\u00e9es de projets destin\u00e9 aux jeunes porteurs de projets innovants.<\/p>\n<p style=\"text-align: justify;\">Ce concours est ouvert aux jeunes r\u00e9sidant sur le territoire de la province de Jerada, qui seront en lice pour b\u00e9n\u00e9ficier de l\u2019appui financier consacr\u00e9 aux jeunes porteurs de projets g\u00e9n\u00e9rateurs de revenu et cr\u00e9ateurs d\u2019opportunit\u00e9s d\u2019emploi au titre de l\u2019ann\u00e9e 2022.<\/p>\n<p style=\"text-align: justify;\">Cette initiative s\u2019inscrit dans le cadre de la mise en \u0153uvre de la 3\u00e8me phase de l\u2019Initiative nationale pour le d\u00e9veloppement humain (INDH), en particulier le programme \u00abAm\u00e9lioration du revenu et inclusion \u00e9conomique des jeunes\u00bb, dans son axe d\u00e9di\u00e9 \u00e0 l\u2019entrepreneuriat.<\/p>\n<p style=\"text-align: justify;\">Les candidatures sont ouvertes, jusqu\u2019au 29 avril courant, aux coop\u00e9ratives, entreprises, auto-entrepreneurs et aux groupements d\u2019int\u00e9r\u00eat \u00e9conomique, ainsi qu\u2019aux porteurs de projets et d\u2019id\u00e9es de projets innovants, \u00e2g\u00e9s entre 18 et 35 ans.<\/p>\n<p style=\"text-align: justify;\">Les domaines concern\u00e9s par ce concours englobent les nouvelles technologies, l\u2019agriculture, l\u2019artisanat, le tourisme et les mines. Les demandes de participation doivent \u00eatre d\u00e9pos\u00e9es au niveau de la Plateforme des jeunes de Jerada.<\/p>\n<p>L\u2019article <a rel=\"nofollow\" href=\"https:\/\/www.mapoujda.ma\/fr\/jerada-un-concours-destine-aux-jeunes-porteurs-de-projets-innovants\/\">Jerada : Un concours au profit des jeunes porteurs de projets innovants<\/a> est apparu en premier sur <a rel=\"nofollow\" href=\"https:\/\/www.mapoujda.ma\/fr\">MapOujda<\/a>.<\/p>\n<\/div>\n<p>Auteur: Soufiane ELAHMAR<br \/>\n<a href=\"https:\/\/www.mapoujda.ma\/fr\/jerada-un-concours-destine-aux-jeunes-porteurs-de-projets-innovants\/\">Cliquez ici pour lire l&rsquo;article depuis sa source.<\/a><\/p>\n","protected":false},"excerpt":{"rendered":"<p>Le Comit\u00e9 provincial de d\u00e9veloppement humain (CPDH) de Jerada a lanc\u00e9, en collaboration avec l\u2019association provinciale de d\u00e9veloppement des comp\u00e9tences des jeunes, un concours d\u2019id\u00e9es de projets destin\u00e9 aux jeunes porteurs de projets innovants. Ce concours est ouvert aux jeunes r\u00e9sidant sur le territoire de la province de Jerada, qui seront en lice pour b\u00e9n\u00e9ficier [&hellip;]<\/p>\n","protected":false},"author":1788,"featured_media":0,"comment_status":"closed","ping_status":"closed","sticky":false,"template":"","format":"standard","meta":{"fifu_image_url":"https:\/\/www.mapoujda.ma\/map\/uploads\/2021\/08\/Inauguration-dune-plateforme-des-jeunes-750\u00d7430-MAP.jpg","fifu_image_alt":"Jerada : Un concours au profit des jeunes porteurs de projets innovants","footnotes":""},"categories":[54,76],"tags":[],"class_list":["post-145854","post","type-post","status-publish","format-standard","hentry","category-maroc","category-regions"],"_links":{"self":[{"href":"https:\/\/linitiative.ca\/International\/wp-json\/wp\/v2\/posts\/145854","targetHints":{"allow":["GET"]}}],"collection":[{"href":"https:\/\/linitiative.ca\/International\/wp-json\/wp\/v2\/posts"}],"about":[{"href":"https:\/\/linitiative.ca\/International\/wp-json\/wp\/v2\/types\/post"}],"author":[{"embeddable":true,"href":"https:\/\/linitiative.ca\/International\/wp-json\/wp\/v2\/users\/1788"}],"replies":[{"embeddable":true,"href":"https:\/\/linitiative.ca\/International\/wp-json\/wp\/v2\/comments?post=145854"}],"version-history":[{"count":0,"href":"https:\/\/linitiative.ca\/International\/wp-json\/wp\/v2\/posts\/145854\/revisions"}],"wp:attachment":[{"href":"https:\/\/linitiative.ca\/International\/wp-json\/wp\/v2\/media?parent=145854"}],"wp:term":[{"taxonomy":"category","embeddable":true,"href":"https:\/\/linitiative.ca\/International\/wp-json\/wp\/v2\/categories?post=145854"},{"taxonomy":"post_tag","embeddable":true,"href":"https:\/\/linitiative.ca\/International\/wp-json\/wp\/v2\/tags?post=145854"}],"curies":[{"name":"wp","href":"https:\/\/api.w.org\/{rel}","templated":true}]}}