{"id":145856,"date":"2022-04-18T19:38:58","date_gmt":"2022-04-18T23:38:58","guid":{"rendered":"https:\/\/linitiative.ca\/International\/nador-appel-a-projets-dans-le-cadre-du-programme-awrach\/"},"modified":"2022-04-18T19:38:58","modified_gmt":"2022-04-18T23:38:58","slug":"nador-appel-a-projets-dans-le-cadre-du-programme-awrach","status":"publish","type":"post","link":"https:\/\/linitiative.ca\/International\/nador-appel-a-projets-dans-le-cadre-du-programme-awrach\/","title":{"rendered":"Nador : Appel \u00e0 projets dans le cadre du programme \u00ab\u00a0Awrach\u00a0\u00bb"},"content":{"rendered":"<div>\n<div style=\"margin-bottom:20px;\"><img loading=\"lazy\" decoding=\"async\" width=\"750\" height=\"430\" src=\"https:\/\/linitiative.ca\/International\/wp-content\/uploads\/sites\/23\/2022\/04\/CoopC3A9ration-insertion-professionnelle-Recyclage-surcyclage-upcycling-750C397430-MAP.jpg\" class=\"attachment-post-thumbnail size-post-thumbnail wp-post-image\" alt=\"\" srcset=\"https:\/\/linitiative.ca\/International\/wp-content\/uploads\/sites\/23\/2022\/04\/CoopC3A9ration-insertion-professionnelle-Recyclage-surcyclage-upcycling-750C397430-MAP.jpg 750w, https:\/\/www.mapoujda.ma\/map\/uploads\/2022\/04\/Coop\u00e9ration-insertion-professionnelle-Recyclage-surcyclage-upcycling-750\u00d7430-MAP-300x172.jpg 300w\" sizes=\"auto, (max-width: 750px) 100vw, 750px\"><\/div>\n<p style=\"text-align: justify;\">Le Conseil provincial de Nador a lanc\u00e9 un appel \u00e0 projets au profit des associations et coop\u00e9ratives afin de mettre en \u0153uvre le programme Awrach au niveau du territoire de la province.<\/p>\n<p style=\"text-align: justify;\">La commission provinciale concern\u00e9e avait approuv\u00e9 la liste des projets dans le cadre de ce programme portant sur des chantiers publics temporaires et le soutien \u00e0 l\u2019inclusion durable.<\/p>\n<p style=\"text-align: justify;\">Le dernier d\u00e9lai pour le d\u00e9p\u00f4t des candidatures des associations et coop\u00e9ratives partenaires est fix\u00e9 au 20 avril courant.<\/p>\n<p>L\u2019article <a rel=\"nofollow\" href=\"https:\/\/www.mapoujda.ma\/fr\/nador-appel-a-projets-dans-le-cadre-du-programme-awrach\/\">Nador : Appel \u00e0 projets dans le cadre du programme \u00ab\u00a0Awrach\u00a0\u00bb<\/a> est apparu en premier sur <a rel=\"nofollow\" href=\"https:\/\/www.mapoujda.ma\/fr\">MapOujda<\/a>.<\/p>\n<\/div>\n<p>Auteur: Soufiane ELAHMAR<br \/>\n<a href=\"https:\/\/www.mapoujda.ma\/fr\/nador-appel-a-projets-dans-le-cadre-du-programme-awrach\/\">Cliquez ici pour lire l&rsquo;article depuis sa source.<\/a><\/p>\n","protected":false},"excerpt":{"rendered":"<p>Le Conseil provincial de Nador a lanc\u00e9 un appel \u00e0 projets au profit des associations et coop\u00e9ratives afin de mettre en \u0153uvre le programme Awrach au niveau du territoire de la province. La commission provinciale concern\u00e9e avait approuv\u00e9 la liste des projets dans le cadre de ce programme portant sur des chantiers publics temporaires et [&hellip;]<\/p>\n","protected":false},"author":1788,"featured_media":0,"comment_status":"closed","ping_status":"closed","sticky":false,"template":"","format":"standard","meta":{"fifu_image_url":"https:\/\/www.mapoujda.ma\/map\/uploads\/2022\/04\/Coop\u00e9ration-insertion-professionnelle-Recyclage-surcyclage-upcycling-750\u00d7430-MAP.jpg","fifu_image_alt":"Nador : Appel \u00e0 projets dans le cadre du programme \u00ab\u00a0Awrach\u00a0\u00bb","footnotes":""},"categories":[54,76],"tags":[],"class_list":["post-145856","post","type-post","status-publish","format-standard","hentry","category-maroc","category-regions"],"_links":{"self":[{"href":"https:\/\/linitiative.ca\/International\/wp-json\/wp\/v2\/posts\/145856","targetHints":{"allow":["GET"]}}],"collection":[{"href":"https:\/\/linitiative.ca\/International\/wp-json\/wp\/v2\/posts"}],"about":[{"href":"https:\/\/linitiative.ca\/International\/wp-json\/wp\/v2\/types\/post"}],"author":[{"embeddable":true,"href":"https:\/\/linitiative.ca\/International\/wp-json\/wp\/v2\/users\/1788"}],"replies":[{"embeddable":true,"href":"https:\/\/linitiative.ca\/International\/wp-json\/wp\/v2\/comments?post=145856"}],"version-history":[{"count":0,"href":"https:\/\/linitiative.ca\/International\/wp-json\/wp\/v2\/posts\/145856\/revisions"}],"wp:attachment":[{"href":"https:\/\/linitiative.ca\/International\/wp-json\/wp\/v2\/media?parent=145856"}],"wp:term":[{"taxonomy":"category","embeddable":true,"href":"https:\/\/linitiative.ca\/International\/wp-json\/wp\/v2\/categories?post=145856"},{"taxonomy":"post_tag","embeddable":true,"href":"https:\/\/linitiative.ca\/International\/wp-json\/wp\/v2\/tags?post=145856"}],"curies":[{"name":"wp","href":"https:\/\/api.w.org\/{rel}","templated":true}]}}