{"id":145876,"date":"2022-04-19T12:12:00","date_gmt":"2022-04-19T16:12:00","guid":{"rendered":"https:\/\/linitiative.ca\/International\/le-phenomene-associatif-a-lepoque-romaine\/"},"modified":"2022-04-19T12:12:00","modified_gmt":"2022-04-19T16:12:00","slug":"le-phenomene-associatif-a-lepoque-romaine","status":"publish","type":"post","link":"https:\/\/linitiative.ca\/International\/le-phenomene-associatif-a-lepoque-romaine\/","title":{"rendered":"Le ph\u00e9nom\u00e8ne associatif \u00e0 l\u2019\u00e9poque romaine*"},"content":{"rendered":"<div><img decoding=\"async\" src=\"https:\/\/linitiative.ca\/International\/wp-content\/uploads\/sites\/23\/2022\/04\/1650367945_article.jpg\" alt=\"Le ph\u00e9nom\u00e8ne associatif \u00e0 l\u2019\u00e9poque romaine*\" align=\"left\">Par Ammar Mahjoubi &#8211; Dans l\u2019Antiquit\u00e9 hell\u00e9nistique et romaine, le ph\u00e9nom\u00e8ne associatif \u00e9tait tr\u00e8s r\u00e9pandu, en particulier parmi les humbles, ces \u00abhumiliores\u00bb ou \u00abtenuiores\u00bb qui n\u2019avaient pas d\u2019attaches personnelles avec un grand personnage, et qui ne pouvaient b\u00e9n\u00e9ficier de quelque consid\u00e9ration, d\u2019une certaine dignit\u00e9 et d\u2019une relative s\u00e9curit\u00e9 que gr\u00e2ce \u00e0 leurs associations. Tr\u00e8s nombreuses \u00e9taient donc, dans les villes, les soci\u00e9t\u00e9s auxquelles les textes \u00e9pigraphiques donnaient des appellations diverses, \u00abcollegium\u00bb ou \u00abcorpus\u00bb, ou aussi \u00absodalicium\u00bb, mais qui \u00e9taient avant tout des structures de sociabilit\u00e9, comme le montrent les noms d\u2019amis &#8230;<\/p>\n<\/div>\n<p>Auteur:<br \/>\n<a href=\"https:\/\/www.leaders.com.tn\/article\/33262-le-phenomene-associatif-a-l-epoque-romaine\">Cliquez ici pour lire l&rsquo;article depuis sa source.<\/a><\/p>\n","protected":false},"excerpt":{"rendered":"<p>Par Ammar Mahjoubi &#8211; Dans l\u2019Antiquit\u00e9 hell\u00e9nistique et romaine, le ph\u00e9nom\u00e8ne associatif \u00e9tait tr\u00e8s r\u00e9pandu, en particulier parmi les humbles, ces \u00abhumiliores\u00bb ou \u00abtenuiores\u00bb qui n\u2019avaient pas d\u2019attaches personnelles avec un grand personnage, et qui ne pouvaient b\u00e9n\u00e9ficier de quelque consid\u00e9ration, d\u2019une certaine dignit\u00e9 et d\u2019une relative s\u00e9curit\u00e9 que gr\u00e2ce \u00e0 leurs associations. Tr\u00e8s nombreuses [&hellip;]<\/p>\n","protected":false},"author":1772,"featured_media":0,"comment_status":"closed","ping_status":"closed","sticky":false,"template":"","format":"standard","meta":{"fifu_image_url":"http:\/\/www.leaders.com.tn\/uploads\/content\/thumbnails_small\/1650367945_article.jpg","fifu_image_alt":"Le ph\u00e9nom\u00e8ne associatif \u00e0 l\u2019\u00e9poque romaine*","footnotes":""},"categories":[73,55],"tags":[],"class_list":["post-145876","post","type-post","status-publish","format-standard","hentry","category-actualite","category-tunisie"],"_links":{"self":[{"href":"https:\/\/linitiative.ca\/International\/wp-json\/wp\/v2\/posts\/145876","targetHints":{"allow":["GET"]}}],"collection":[{"href":"https:\/\/linitiative.ca\/International\/wp-json\/wp\/v2\/posts"}],"about":[{"href":"https:\/\/linitiative.ca\/International\/wp-json\/wp\/v2\/types\/post"}],"author":[{"embeddable":true,"href":"https:\/\/linitiative.ca\/International\/wp-json\/wp\/v2\/users\/1772"}],"replies":[{"embeddable":true,"href":"https:\/\/linitiative.ca\/International\/wp-json\/wp\/v2\/comments?post=145876"}],"version-history":[{"count":0,"href":"https:\/\/linitiative.ca\/International\/wp-json\/wp\/v2\/posts\/145876\/revisions"}],"wp:attachment":[{"href":"https:\/\/linitiative.ca\/International\/wp-json\/wp\/v2\/media?parent=145876"}],"wp:term":[{"taxonomy":"category","embeddable":true,"href":"https:\/\/linitiative.ca\/International\/wp-json\/wp\/v2\/categories?post=145876"},{"taxonomy":"post_tag","embeddable":true,"href":"https:\/\/linitiative.ca\/International\/wp-json\/wp\/v2\/tags?post=145876"}],"curies":[{"name":"wp","href":"https:\/\/api.w.org\/{rel}","templated":true}]}}