{"id":145884,"date":"2022-04-19T12:50:54","date_gmt":"2022-04-19T16:50:54","guid":{"rendered":"https:\/\/linitiative.ca\/International\/rafik-lahlou-nomme-president-du-conseil-daffaires-maroc-canada\/"},"modified":"2022-04-19T12:50:54","modified_gmt":"2022-04-19T16:50:54","slug":"rafik-lahlou-nomme-president-du-conseil-daffaires-maroc-canada","status":"publish","type":"post","link":"https:\/\/linitiative.ca\/International\/rafik-lahlou-nomme-president-du-conseil-daffaires-maroc-canada\/","title":{"rendered":"Rafik Lahlou nomm\u00e9 Pr\u00e9sident du Conseil d\u2019Affaires Maroc-Canada"},"content":{"rendered":"<div><img decoding=\"async\" width=\"800\" height=\"724\" src=\"https:\/\/linitiative.ca\/International\/wp-content\/uploads\/sites\/23\/2022\/04\/M.-Rafik-LAHLOU-nommeCC81-PreCC81sident-du-CAMC-vers-une-collaboration-prometteuse-e1650384475844.jpeg\" class=\"attachment-post-thumbnail size-post-thumbnail wp-post-image\" alt=\"\" loading=\"lazy\" itemprop=\"image\">Rafik Lahlou a \u00e9t\u00e9 nomm\u00e9 Pr\u00e9sident du Conseil d\u2019Affaires Maroc-Canada pour un mandat de trois ans, \u00e0 l\u2019issue d\u2019un \u00e9change fructueux marquant le d\u00e9but d\u2019une collaboration prometteuse. En 2020, le Maroc a \u00e9t\u00e9 le 4\u00e8me plus grand partenaire commercial bilat\u00e9ral du Canada en Afrique, laissant place \u00e0 un potentiel que<\/div>\n<p>Auteur: Mehdi Ouazzani<br \/>\n<a href=\"https:\/\/www.challenge.ma\/rafik-lahlou-nomme-president-du-conseil-daffaires-maroc-canada-237054\/\">Cliquez ici pour lire l&rsquo;article depuis sa source.<\/a><\/p>\n","protected":false},"excerpt":{"rendered":"<p>Rafik Lahlou a \u00e9t\u00e9 nomm\u00e9 Pr\u00e9sident du Conseil d\u2019Affaires Maroc-Canada pour un mandat de trois ans, \u00e0 l\u2019issue d\u2019un \u00e9change fructueux marquant le d\u00e9but d\u2019une collaboration prometteuse. En 2020, le Maroc a \u00e9t\u00e9 le 4\u00e8me plus grand partenaire commercial bilat\u00e9ral du Canada en Afrique, laissant place \u00e0 un potentiel que Auteur: Mehdi Ouazzani Cliquez ici [&hellip;]<\/p>\n","protected":false},"author":1787,"featured_media":0,"comment_status":"closed","ping_status":"closed","sticky":false,"template":"","format":"standard","meta":{"fifu_image_url":"https:\/\/www.challenge.ma\/wp-content\/uploads\/2022\/04\/M.-Rafik-LAHLOU-nomme\u0301-Pre\u0301sident-du-CAMC-vers-une-collaboration-prometteuse-e1650384475844.jpeg","fifu_image_alt":"Rafik Lahlou nomm\u00e9 Pr\u00e9sident du Conseil d\u2019Affaires Maroc-Canada","footnotes":""},"categories":[78,54],"tags":[],"class_list":["post-145884","post","type-post","status-publish","format-standard","hentry","category-economie","category-maroc"],"_links":{"self":[{"href":"https:\/\/linitiative.ca\/International\/wp-json\/wp\/v2\/posts\/145884","targetHints":{"allow":["GET"]}}],"collection":[{"href":"https:\/\/linitiative.ca\/International\/wp-json\/wp\/v2\/posts"}],"about":[{"href":"https:\/\/linitiative.ca\/International\/wp-json\/wp\/v2\/types\/post"}],"author":[{"embeddable":true,"href":"https:\/\/linitiative.ca\/International\/wp-json\/wp\/v2\/users\/1787"}],"replies":[{"embeddable":true,"href":"https:\/\/linitiative.ca\/International\/wp-json\/wp\/v2\/comments?post=145884"}],"version-history":[{"count":0,"href":"https:\/\/linitiative.ca\/International\/wp-json\/wp\/v2\/posts\/145884\/revisions"}],"wp:attachment":[{"href":"https:\/\/linitiative.ca\/International\/wp-json\/wp\/v2\/media?parent=145884"}],"wp:term":[{"taxonomy":"category","embeddable":true,"href":"https:\/\/linitiative.ca\/International\/wp-json\/wp\/v2\/categories?post=145884"},{"taxonomy":"post_tag","embeddable":true,"href":"https:\/\/linitiative.ca\/International\/wp-json\/wp\/v2\/tags?post=145884"}],"curies":[{"name":"wp","href":"https:\/\/api.w.org\/{rel}","templated":true}]}}