{"id":145893,"date":"2022-04-19T15:36:53","date_gmt":"2022-04-19T19:36:53","guid":{"rendered":"https:\/\/linitiative.ca\/International\/proces-des-criminels-de-guerre-en-rca-la-cps-joue-sa-credibilite\/"},"modified":"2022-04-19T15:36:53","modified_gmt":"2022-04-19T19:36:53","slug":"proces-des-criminels-de-guerre-en-rca-la-cps-joue-sa-credibilite","status":"publish","type":"post","link":"https:\/\/linitiative.ca\/International\/proces-des-criminels-de-guerre-en-rca-la-cps-joue-sa-credibilite\/","title":{"rendered":"PROCES DES CRIMINELS DE GUERRE EN RCA : La CPS joue sa cr\u00e9dibilit\u00e9"},"content":{"rendered":"<div>\n<p><img decoding=\"async\" width=\"700\" height=\"394\" src=\"https:\/\/linitiative.ca\/International\/wp-content\/uploads\/sites\/23\/2022\/04\/PROCES-2.jpg\" class=\"attachment- size- wp-post-image\" alt=\"\" loading=\"lazy\" style=\"float:left; margin:0 15px 15px 0;\" srcset=\"https:\/\/linitiative.ca\/International\/wp-content\/uploads\/sites\/23\/2022\/04\/PROCES-2.jpg 700w, https:\/\/lepays.bf\/wp-content\/uploads\/2022\/04\/PROCES-2-300x169.jpg 300w, https:\/\/lepays.bf\/wp-content\/uploads\/2022\/04\/PROCES-2-150x84.jpg 150w\" sizes=\"auto, (max-width: 700px) 100vw, 700px\">Issa Sallet, Tahir Mahamat et Ousman Yaouba\u00a0; tels se pr\u00e9nomment les premiers pr\u00e9venus de la Cour p\u00e9nale sp\u00e9ciale (CPS) cr\u00e9\u00e9e il y a sept (7) ans pour connaitre des graves violations des droits humains commises en R\u00e9publique centrafricaine depuis 2003. Accus\u00e9s de crimes de guerre [\u2026]<\/p>\n<p>L\u2019article <a rel=\"nofollow\" href=\"https:\/\/lepays.bf\/proces-des-criminels-de-guerre-en-rca-la-cps-joue-sa-credibilite\/\">PROCES DES CRIMINELS DE GUERRE EN RCA : La CPS joue sa cr\u00e9dibilit\u00e9<\/a> est apparu en premier sur <a rel=\"nofollow\" href=\"https:\/\/lepays.bf\/\">Editions Le Pays<\/a>.<\/p>\n<\/div>\n<p>Auteur: Editions LEPAYS<br \/>\n<a href=\"https:\/\/lepays.bf\/proces-des-criminels-de-guerre-en-rca-la-cps-joue-sa-credibilite\/\">Cliquez ici pour lire l&rsquo;article depuis sa source.<\/a><\/p>\n","protected":false},"excerpt":{"rendered":"<p>Issa Sallet, Tahir Mahamat et Ousman Yaouba\u00a0; tels se pr\u00e9nomment les premiers pr\u00e9venus de la Cour p\u00e9nale sp\u00e9ciale (CPS) cr\u00e9\u00e9e il y a sept (7) ans pour connaitre des graves violations des droits humains commises en R\u00e9publique centrafricaine depuis 2003. Accus\u00e9s de crimes de guerre [\u2026] L\u2019article PROCES DES CRIMINELS DE GUERRE EN RCA : [&hellip;]<\/p>\n","protected":false},"author":1813,"featured_media":0,"comment_status":"closed","ping_status":"closed","sticky":false,"template":"","format":"standard","meta":{"fifu_image_url":"https:\/\/lepays.bf\/wp-content\/uploads\/2022\/04\/PROCES-2.jpg","fifu_image_alt":"PROCES DES CRIMINELS DE GUERRE EN RCA : La CPS joue sa cr\u00e9dibilit\u00e9","footnotes":""},"categories":[73,81],"tags":[],"class_list":["post-145893","post","type-post","status-publish","format-standard","hentry","category-actualite","category-burkina-faso"],"_links":{"self":[{"href":"https:\/\/linitiative.ca\/International\/wp-json\/wp\/v2\/posts\/145893","targetHints":{"allow":["GET"]}}],"collection":[{"href":"https:\/\/linitiative.ca\/International\/wp-json\/wp\/v2\/posts"}],"about":[{"href":"https:\/\/linitiative.ca\/International\/wp-json\/wp\/v2\/types\/post"}],"author":[{"embeddable":true,"href":"https:\/\/linitiative.ca\/International\/wp-json\/wp\/v2\/users\/1813"}],"replies":[{"embeddable":true,"href":"https:\/\/linitiative.ca\/International\/wp-json\/wp\/v2\/comments?post=145893"}],"version-history":[{"count":0,"href":"https:\/\/linitiative.ca\/International\/wp-json\/wp\/v2\/posts\/145893\/revisions"}],"wp:attachment":[{"href":"https:\/\/linitiative.ca\/International\/wp-json\/wp\/v2\/media?parent=145893"}],"wp:term":[{"taxonomy":"category","embeddable":true,"href":"https:\/\/linitiative.ca\/International\/wp-json\/wp\/v2\/categories?post=145893"},{"taxonomy":"post_tag","embeddable":true,"href":"https:\/\/linitiative.ca\/International\/wp-json\/wp\/v2\/tags?post=145893"}],"curies":[{"name":"wp","href":"https:\/\/api.w.org\/{rel}","templated":true}]}}