{"id":145897,"date":"2022-04-19T15:42:09","date_gmt":"2022-04-19T19:42:09","guid":{"rendered":"https:\/\/linitiative.ca\/International\/nomination-de-proches-de-yahya-jammeh-en-gambie-les-craintes-justifiees-des-parents-des-victimes\/"},"modified":"2022-04-19T15:42:09","modified_gmt":"2022-04-19T19:42:09","slug":"nomination-de-proches-de-yahya-jammeh-en-gambie-les-craintes-justifiees-des-parents-des-victimes","status":"publish","type":"post","link":"https:\/\/linitiative.ca\/International\/nomination-de-proches-de-yahya-jammeh-en-gambie-les-craintes-justifiees-des-parents-des-victimes\/","title":{"rendered":"NOMINATION DE PROCHES DE YAHYA JAMMEH EN GAMBIE : Les craintes justifi\u00e9es des parents des victimes  \u00a0"},"content":{"rendered":"<div>\n<p><img decoding=\"async\" width=\"640\" height=\"360\" src=\"https:\/\/linitiative.ca\/International\/wp-content\/uploads\/sites\/23\/2022\/04\/nomination.jpg\" class=\"attachment- size- wp-post-image\" alt=\"\" loading=\"lazy\" style=\"float:left; margin:0 15px 15px 0;\" srcset=\"https:\/\/linitiative.ca\/International\/wp-content\/uploads\/sites\/23\/2022\/04\/nomination.jpg 640w, https:\/\/lepays.bf\/wp-content\/uploads\/2022\/04\/nomination-300x169.jpg 300w, https:\/\/lepays.bf\/wp-content\/uploads\/2022\/04\/nomination-150x84.jpg 150w\" sizes=\"auto, (max-width: 640px) 100vw, 640px\">Fabakary Tombong Jatta et Seedy Njie ont \u00e9t\u00e9 respectivement nomm\u00e9s pr\u00e9sident et vice-pr\u00e9sident du Parlement gambien pour la nouvelle l\u00e9gislature mise en place apr\u00e8s les \u00e9lections coupl\u00e9es l\u00e9gislatives et pr\u00e9sidentielle. Des nominations qui suscitent beaucoup d\u2019indignation au sein des populations. Que \u00a0reproche-t-on \u00a0\u00e0 ces deux [\u2026]<\/p>\n<p>L\u2019article <a rel=\"nofollow\" href=\"https:\/\/lepays.bf\/nomination-de-proches-de-yahya-jammeh-en-gambie-les-craintes-justifiees-des-parents-des-victimes\/\">NOMINATION DE PROCHES DE YAHYA JAMMEH EN GAMBIE : Les craintes justifi\u00e9es des parents des victimes  \u00a0<\/a> est apparu en premier sur <a rel=\"nofollow\" href=\"https:\/\/lepays.bf\/\">Editions Le Pays<\/a>.<\/p>\n<\/div>\n<p>Auteur: Editions LEPAYS<br \/>\n<a href=\"https:\/\/lepays.bf\/nomination-de-proches-de-yahya-jammeh-en-gambie-les-craintes-justifiees-des-parents-des-victimes\/\">Cliquez ici pour lire l&rsquo;article depuis sa source.<\/a><\/p>\n","protected":false},"excerpt":{"rendered":"<p>Fabakary Tombong Jatta et Seedy Njie ont \u00e9t\u00e9 respectivement nomm\u00e9s pr\u00e9sident et vice-pr\u00e9sident du Parlement gambien pour la nouvelle l\u00e9gislature mise en place apr\u00e8s les \u00e9lections coupl\u00e9es l\u00e9gislatives et pr\u00e9sidentielle. Des nominations qui suscitent beaucoup d\u2019indignation au sein des populations. Que \u00a0reproche-t-on \u00a0\u00e0 ces deux [\u2026] L\u2019article NOMINATION DE PROCHES DE YAHYA JAMMEH EN GAMBIE [&hellip;]<\/p>\n","protected":false},"author":1813,"featured_media":0,"comment_status":"closed","ping_status":"closed","sticky":false,"template":"","format":"standard","meta":{"fifu_image_url":"https:\/\/lepays.bf\/wp-content\/uploads\/2022\/04\/nomination.jpg","fifu_image_alt":"NOMINATION DE PROCHES DE YAHYA JAMMEH EN GAMBIE : Les craintes justifi\u00e9es des parents des victimes  \u00a0","footnotes":""},"categories":[73,81],"tags":[],"class_list":["post-145897","post","type-post","status-publish","format-standard","hentry","category-actualite","category-burkina-faso"],"_links":{"self":[{"href":"https:\/\/linitiative.ca\/International\/wp-json\/wp\/v2\/posts\/145897","targetHints":{"allow":["GET"]}}],"collection":[{"href":"https:\/\/linitiative.ca\/International\/wp-json\/wp\/v2\/posts"}],"about":[{"href":"https:\/\/linitiative.ca\/International\/wp-json\/wp\/v2\/types\/post"}],"author":[{"embeddable":true,"href":"https:\/\/linitiative.ca\/International\/wp-json\/wp\/v2\/users\/1813"}],"replies":[{"embeddable":true,"href":"https:\/\/linitiative.ca\/International\/wp-json\/wp\/v2\/comments?post=145897"}],"version-history":[{"count":0,"href":"https:\/\/linitiative.ca\/International\/wp-json\/wp\/v2\/posts\/145897\/revisions"}],"wp:attachment":[{"href":"https:\/\/linitiative.ca\/International\/wp-json\/wp\/v2\/media?parent=145897"}],"wp:term":[{"taxonomy":"category","embeddable":true,"href":"https:\/\/linitiative.ca\/International\/wp-json\/wp\/v2\/categories?post=145897"},{"taxonomy":"post_tag","embeddable":true,"href":"https:\/\/linitiative.ca\/International\/wp-json\/wp\/v2\/tags?post=145897"}],"curies":[{"name":"wp","href":"https:\/\/api.w.org\/{rel}","templated":true}]}}