{"id":145899,"date":"2022-04-19T15:44:44","date_gmt":"2022-04-19T19:44:44","guid":{"rendered":"https:\/\/linitiative.ca\/International\/nomination-du-vice-president-en-cote-divoire-ado-dejoue-les-pronostics\/"},"modified":"2022-04-19T15:44:44","modified_gmt":"2022-04-19T19:44:44","slug":"nomination-du-vice-president-en-cote-divoire-ado-dejoue-les-pronostics","status":"publish","type":"post","link":"https:\/\/linitiative.ca\/International\/nomination-du-vice-president-en-cote-divoire-ado-dejoue-les-pronostics\/","title":{"rendered":"NOMINATION DU VICE-PRESIDENT EN COTE D\u2019IVOIRE : ADO d\u00e9joue les pronostics"},"content":{"rendered":"<div>\n<p><img loading=\"lazy\" decoding=\"async\" width=\"768\" height=\"461\" src=\"https:\/\/linitiative.ca\/International\/wp-content\/uploads\/sites\/23\/2022\/04\/TieCC81moko-Meyliet-KoneCC81.jpg\" class=\"attachment- size- wp-post-image\" alt=\"\" style=\"float:left; margin:0 15px 15px 0;\" srcset=\"https:\/\/linitiative.ca\/International\/wp-content\/uploads\/sites\/23\/2022\/04\/TieCC81moko-Meyliet-KoneCC81.jpg 768w, https:\/\/lepays.bf\/wp-content\/uploads\/2022\/04\/Tie\u0301moko-Meyliet-Kone\u0301-300x180.jpg 300w, https:\/\/lepays.bf\/wp-content\/uploads\/2022\/04\/Tie\u0301moko-Meyliet-Kone\u0301-150x90.jpg 150w\" sizes=\"auto, (max-width: 768px) 100vw, 768px\">Tr\u00e8s attendu\u00a0! C\u2019est\u00a0 en ces termes\u00a0 que\u00a0\u00a0 l\u2019on peut qualifier le discours que le pr\u00e9sident ivoirien, Alassane Dramane Ouattara (ADO), a prononc\u00e9, le 19 avril dernier, devant l\u2019Assembl\u00e9e nationale et le S\u00e9nat r\u00e9unis en congr\u00e8s \u00e0 Yamoussoukro. A l\u2019occasion, le num\u00e9ro un des Ivoiriens a [\u2026]<\/p>\n<p>L\u2019article <a rel=\"nofollow\" href=\"https:\/\/lepays.bf\/nomination-du-vice-president-en-cote-divoire-ado-dejoue-les-pronostics\/\">NOMINATION DU VICE-PRESIDENT EN COTE D\u2019IVOIRE : ADO d\u00e9joue les pronostics<\/a> est apparu en premier sur <a rel=\"nofollow\" href=\"https:\/\/lepays.bf\/\">Editions Le Pays<\/a>.<\/p>\n<\/div>\n<p>Auteur: Editions LEPAYS<br \/>\n<a href=\"https:\/\/lepays.bf\/nomination-du-vice-president-en-cote-divoire-ado-dejoue-les-pronostics\/\">Cliquez ici pour lire l&rsquo;article depuis sa source.<\/a><\/p>\n","protected":false},"excerpt":{"rendered":"<p>Tr\u00e8s attendu\u00a0! C\u2019est\u00a0 en ces termes\u00a0 que\u00a0\u00a0 l\u2019on peut qualifier le discours que le pr\u00e9sident ivoirien, Alassane Dramane Ouattara (ADO), a prononc\u00e9, le 19 avril dernier, devant l\u2019Assembl\u00e9e nationale et le S\u00e9nat r\u00e9unis en congr\u00e8s \u00e0 Yamoussoukro. A l\u2019occasion, le num\u00e9ro un des Ivoiriens a [\u2026] L\u2019article NOMINATION DU VICE-PRESIDENT EN COTE D\u2019IVOIRE : ADO [&hellip;]<\/p>\n","protected":false},"author":1813,"featured_media":0,"comment_status":"closed","ping_status":"closed","sticky":false,"template":"","format":"standard","meta":{"fifu_image_url":"https:\/\/lepays.bf\/wp-content\/uploads\/2022\/04\/Tie\u0301moko-Meyliet-Kone\u0301.jpg","fifu_image_alt":"NOMINATION DU VICE-PRESIDENT EN COTE D\u2019IVOIRE : ADO d\u00e9joue les pronostics","footnotes":""},"categories":[73,81],"tags":[],"class_list":["post-145899","post","type-post","status-publish","format-standard","hentry","category-actualite","category-burkina-faso"],"_links":{"self":[{"href":"https:\/\/linitiative.ca\/International\/wp-json\/wp\/v2\/posts\/145899","targetHints":{"allow":["GET"]}}],"collection":[{"href":"https:\/\/linitiative.ca\/International\/wp-json\/wp\/v2\/posts"}],"about":[{"href":"https:\/\/linitiative.ca\/International\/wp-json\/wp\/v2\/types\/post"}],"author":[{"embeddable":true,"href":"https:\/\/linitiative.ca\/International\/wp-json\/wp\/v2\/users\/1813"}],"replies":[{"embeddable":true,"href":"https:\/\/linitiative.ca\/International\/wp-json\/wp\/v2\/comments?post=145899"}],"version-history":[{"count":0,"href":"https:\/\/linitiative.ca\/International\/wp-json\/wp\/v2\/posts\/145899\/revisions"}],"wp:attachment":[{"href":"https:\/\/linitiative.ca\/International\/wp-json\/wp\/v2\/media?parent=145899"}],"wp:term":[{"taxonomy":"category","embeddable":true,"href":"https:\/\/linitiative.ca\/International\/wp-json\/wp\/v2\/categories?post=145899"},{"taxonomy":"post_tag","embeddable":true,"href":"https:\/\/linitiative.ca\/International\/wp-json\/wp\/v2\/tags?post=145899"}],"curies":[{"name":"wp","href":"https:\/\/api.w.org\/{rel}","templated":true}]}}