{"id":145902,"date":"2022-04-19T08:44:20","date_gmt":"2022-04-19T12:44:20","guid":{"rendered":"https:\/\/linitiative.ca\/International\/cote-divoire-patrick-achi-reconduit-premier-ministre\/"},"modified":"2022-04-19T08:44:20","modified_gmt":"2022-04-19T12:44:20","slug":"cote-divoire-patrick-achi-reconduit-premier-ministre","status":"publish","type":"post","link":"https:\/\/linitiative.ca\/International\/cote-divoire-patrick-achi-reconduit-premier-ministre\/","title":{"rendered":"C\u00f4te d\u2019Ivoire\u00a0: Patrick Achi reconduit Premier ministre"},"content":{"rendered":"<div>\n<p>Devant les d\u00e9put\u00e9s et les s\u00e9nateurs r\u00e9unis \u00e0 Yamoussoukro, la capitale politique de la C\u00f4te d\u2019Ivoire,\u00a0 le \u00a0Pr\u00e9sident ivoirien, Alassane Ouattara, a annonc\u00e9, ce mardi 19 avril 2022,\u00a0 que \u00a0Patrick Achi \u00a0a \u00e9t\u00e9 reconduit Premier\u00a0 ministre. Le nouveau Premier ministre doit, v\u0153u du pr\u00e9sident Ouattara, former un gouvernement resserr\u00e9. Cette nouvelle \u00e9quipe gouvernementale comprendra \u00a0une trentaine de membres pour plus d\u2019efficacit\u00e9 au regard de la conjoncture \u00e9conomique mondiale actuelle, aggrav\u00e9e par la guerre entre la Russie et l\u2019Ukraine. Pour le chef de l\u2019Etat ivoirien, cette r\u00e9duction du nombre de ministres r\u00e9pond \u00e9galement \u00e0 une volont\u00e9 de r\u00e9duire les d\u00e9penses de l\u2019Etat, tout en les r\u00e9orientant vers les r\u00e9siliences sociales et s\u00e9curitaires.<\/p>\n<p><strong>AK<\/strong><\/p>\n<p><strong>(Source\u00a0: fratmat)<\/strong><\/p>\n<p>L\u2019article <a rel=\"nofollow\" href=\"https:\/\/www.sidwaya.info\/blog\/2022\/04\/19\/cote-divoire-patrick-achi-reconduit-premier-ministre\/\">C\u00f4te d\u2019Ivoire\u00a0: Patrick Achi reconduit Premier ministre<\/a> est apparu en premier sur <a rel=\"nofollow\" href=\"https:\/\/www.sidwaya.info\/\">Quotidien Sidwaya<\/a>.<\/p>\n<\/div>\n<p>Auteur: Wamini SIDWAYA<br \/>\n<a href=\"https:\/\/www.sidwaya.info\/blog\/2022\/04\/19\/cote-divoire-patrick-achi-reconduit-premier-ministre\/?utm_source=rss&#038;utm_medium=rss&#038;utm_campaign=cote-divoire-patrick-achi-reconduit-premier-ministre\">Cliquez ici pour lire l&rsquo;article depuis sa source.<\/a><\/p>\n","protected":false},"excerpt":{"rendered":"<p>Devant les d\u00e9put\u00e9s et les s\u00e9nateurs r\u00e9unis \u00e0 Yamoussoukro, la capitale politique de la C\u00f4te d\u2019Ivoire,\u00a0 le \u00a0Pr\u00e9sident ivoirien, Alassane Ouattara, a annonc\u00e9, ce mardi 19 avril 2022,\u00a0 que \u00a0Patrick Achi \u00a0a \u00e9t\u00e9 reconduit Premier\u00a0 ministre. Le nouveau Premier ministre doit, v\u0153u du pr\u00e9sident Ouattara, former un gouvernement resserr\u00e9. Cette nouvelle \u00e9quipe gouvernementale comprendra \u00a0une [&hellip;]<\/p>\n","protected":false},"author":1816,"featured_media":0,"comment_status":"closed","ping_status":"closed","sticky":false,"template":"","format":"standard","meta":{"fifu_image_url":"","fifu_image_alt":"","footnotes":""},"categories":[73,81],"tags":[],"class_list":["post-145902","post","type-post","status-publish","format-standard","hentry","category-actualite","category-burkina-faso"],"_links":{"self":[{"href":"https:\/\/linitiative.ca\/International\/wp-json\/wp\/v2\/posts\/145902","targetHints":{"allow":["GET"]}}],"collection":[{"href":"https:\/\/linitiative.ca\/International\/wp-json\/wp\/v2\/posts"}],"about":[{"href":"https:\/\/linitiative.ca\/International\/wp-json\/wp\/v2\/types\/post"}],"author":[{"embeddable":true,"href":"https:\/\/linitiative.ca\/International\/wp-json\/wp\/v2\/users\/1816"}],"replies":[{"embeddable":true,"href":"https:\/\/linitiative.ca\/International\/wp-json\/wp\/v2\/comments?post=145902"}],"version-history":[{"count":0,"href":"https:\/\/linitiative.ca\/International\/wp-json\/wp\/v2\/posts\/145902\/revisions"}],"wp:attachment":[{"href":"https:\/\/linitiative.ca\/International\/wp-json\/wp\/v2\/media?parent=145902"}],"wp:term":[{"taxonomy":"category","embeddable":true,"href":"https:\/\/linitiative.ca\/International\/wp-json\/wp\/v2\/categories?post=145902"},{"taxonomy":"post_tag","embeddable":true,"href":"https:\/\/linitiative.ca\/International\/wp-json\/wp\/v2\/tags?post=145902"}],"curies":[{"name":"wp","href":"https:\/\/api.w.org\/{rel}","templated":true}]}}