{"id":145903,"date":"2022-04-19T09:14:36","date_gmt":"2022-04-19T13:14:36","guid":{"rendered":"https:\/\/linitiative.ca\/International\/cote-divoire-le-gouverneur-de-la-bceao-tiemoko-meyliet-kone-nomme-vice-president\/"},"modified":"2022-04-19T09:14:36","modified_gmt":"2022-04-19T13:14:36","slug":"cote-divoire-le-gouverneur-de-la-bceao-tiemoko-meyliet-kone-nomme-vice-president","status":"publish","type":"post","link":"https:\/\/linitiative.ca\/International\/cote-divoire-le-gouverneur-de-la-bceao-tiemoko-meyliet-kone-nomme-vice-president\/","title":{"rendered":"C\u00f4te d\u2019Ivoire: Le Gouverneur de la BCEAO, Ti\u00e9moko Meyliet Kon\u00e9, nomm\u00e9 \u00a0Vice-pr\u00e9sident"},"content":{"rendered":"<div>\n<p>Apr\u00e8s la reconduction de Patrick Achi au poste de Premier ministre, le pr\u00e9sident ivoirien Alassane Ouattara a \u00a0aussi nomm\u00e9 l\u2019actuel Gouverneur de la BCEAO, Meyliet Ti\u00e9moko Kon\u00e9, en tant que Vice-pr\u00e9sident de la R\u00e9publique de C\u00f4te d\u2019Ivoire. Monsieur Kon\u00e9 succ\u00e8de ainsi \u00e0 Daniel Kablan Duncan qui avait d\u00e9missionn\u00e9 en juillet 2020.Devenu la deuxi\u00e8me personnalit\u00e9 de la C\u00f4te d\u2019Ivoire, le Vice-pr\u00e9sident Kon\u00e9 dirige depuis 2011 la BCEAO, la banque centrale des huit pays de l\u2019UEMOA.<\/p>\n<p style=\"text-align: right\"><strong>AK<\/strong><\/p>\n<p style=\"text-align: right\"><strong>(Source\u00a0: Fratmat)<\/strong><\/p>\n<p>L\u2019article <a rel=\"nofollow\" href=\"https:\/\/www.sidwaya.info\/blog\/2022\/04\/19\/cote-divoire-le-gouverneur-de-la-bceao-tiemoko-meyliet-kone-nomme-vice-president\/\">C\u00f4te d\u2019Ivoire: Le Gouverneur de la BCEAO, Ti\u00e9moko Meyliet Kon\u00e9, nomm\u00e9 \u00a0Vice-pr\u00e9sident<\/a> est apparu en premier sur <a rel=\"nofollow\" href=\"https:\/\/www.sidwaya.info\/\">Quotidien Sidwaya<\/a>.<\/p>\n<\/div>\n<p>Auteur: Wamini SIDWAYA<br \/>\n<a href=\"https:\/\/www.sidwaya.info\/blog\/2022\/04\/19\/cote-divoire-le-gouverneur-de-la-bceao-tiemoko-meyliet-kone-nomme-vice-president\/?utm_source=rss&#038;utm_medium=rss&#038;utm_campaign=cote-divoire-le-gouverneur-de-la-bceao-tiemoko-meyliet-kone-nomme-vice-president\">Cliquez ici pour lire l&rsquo;article depuis sa source.<\/a><\/p>\n","protected":false},"excerpt":{"rendered":"<p>Apr\u00e8s la reconduction de Patrick Achi au poste de Premier ministre, le pr\u00e9sident ivoirien Alassane Ouattara a \u00a0aussi nomm\u00e9 l\u2019actuel Gouverneur de la BCEAO, Meyliet Ti\u00e9moko Kon\u00e9, en tant que Vice-pr\u00e9sident de la R\u00e9publique de C\u00f4te d\u2019Ivoire. Monsieur Kon\u00e9 succ\u00e8de ainsi \u00e0 Daniel Kablan Duncan qui avait d\u00e9missionn\u00e9 en juillet 2020.Devenu la deuxi\u00e8me personnalit\u00e9 de [&hellip;]<\/p>\n","protected":false},"author":1816,"featured_media":0,"comment_status":"closed","ping_status":"closed","sticky":false,"template":"","format":"standard","meta":{"fifu_image_url":"","fifu_image_alt":"","footnotes":""},"categories":[73,81],"tags":[],"class_list":["post-145903","post","type-post","status-publish","format-standard","hentry","category-actualite","category-burkina-faso"],"_links":{"self":[{"href":"https:\/\/linitiative.ca\/International\/wp-json\/wp\/v2\/posts\/145903","targetHints":{"allow":["GET"]}}],"collection":[{"href":"https:\/\/linitiative.ca\/International\/wp-json\/wp\/v2\/posts"}],"about":[{"href":"https:\/\/linitiative.ca\/International\/wp-json\/wp\/v2\/types\/post"}],"author":[{"embeddable":true,"href":"https:\/\/linitiative.ca\/International\/wp-json\/wp\/v2\/users\/1816"}],"replies":[{"embeddable":true,"href":"https:\/\/linitiative.ca\/International\/wp-json\/wp\/v2\/comments?post=145903"}],"version-history":[{"count":0,"href":"https:\/\/linitiative.ca\/International\/wp-json\/wp\/v2\/posts\/145903\/revisions"}],"wp:attachment":[{"href":"https:\/\/linitiative.ca\/International\/wp-json\/wp\/v2\/media?parent=145903"}],"wp:term":[{"taxonomy":"category","embeddable":true,"href":"https:\/\/linitiative.ca\/International\/wp-json\/wp\/v2\/categories?post=145903"},{"taxonomy":"post_tag","embeddable":true,"href":"https:\/\/linitiative.ca\/International\/wp-json\/wp\/v2\/tags?post=145903"}],"curies":[{"name":"wp","href":"https:\/\/api.w.org\/{rel}","templated":true}]}}