{"id":145905,"date":"2022-04-19T12:34:14","date_gmt":"2022-04-19T16:34:14","guid":{"rendered":"https:\/\/linitiative.ca\/International\/kenya-ouverture-dune-ecole-pour-former-les-futurs-dirigeants-de-lafrique-de-lest\/"},"modified":"2022-04-19T12:34:14","modified_gmt":"2022-04-19T16:34:14","slug":"kenya-ouverture-dune-ecole-pour-former-les-futurs-dirigeants-de-lafrique-de-lest","status":"publish","type":"post","link":"https:\/\/linitiative.ca\/International\/kenya-ouverture-dune-ecole-pour-former-les-futurs-dirigeants-de-lafrique-de-lest\/","title":{"rendered":"Kenya : Ouverture d\u2019une \u00e9cole pour former les futurs dirigeants de l\u2019Afrique de l\u2019Est"},"content":{"rendered":"<div>\n<p>L\u2019union fait la force dit-on. Mais en Afrique de l\u2019Est, l\u2019union peut aussi contribuer au d\u00e9veloppement. R\u00e9unis au sein de l\u2019Autorit\u00e9 intergouvernementale pour le d\u00e9veloppement (IGAD), les pays de l\u2019Afrique de l\u2019Est veulent cr\u00e9er une \u00e9cole de leadership \u00e0 Nairobi au Kenya afin de former la prochaine g\u00e9n\u00e9ration de dirigeants de cette partie du continent noir. Selon le site Ecomnews, sortiront de \u00a0cette \u00e9cole, \u00a0des futurs dirigeants capables de proposer des solutions aux d\u00e9fis s\u00e9curitaires, alimentaires et environnementaux des Etats membres de l\u2019IGAD. Ce groupement est-africain est compos\u00e9 du Kenya, de l\u2019Ouganda, de la Somalie, du Soudan du Sud, du Soudan, de Djibouti, de l\u2019Erythr\u00e9e et de l\u2019Ethiopie. Les formations seront de cette \u00e9cole de leadership porteront sur le leadership, l\u2019int\u00e9grit\u00e9, la d\u00e9mocratie, la gouvernance et les droits de l\u2019homme.<\/p>\n<p><strong>AK<\/strong><\/p>\n<p>L\u2019article <a rel=\"nofollow\" href=\"https:\/\/www.sidwaya.info\/blog\/2022\/04\/19\/kenya-ouverture-dune-ecole-pour-former-les-futurs-dirigeants-de-lafrique-de-lest\/\">Kenya : Ouverture d\u2019une \u00e9cole pour former les futurs dirigeants de l\u2019Afrique de l\u2019Est<\/a> est apparu en premier sur <a rel=\"nofollow\" href=\"https:\/\/www.sidwaya.info\/\">Quotidien Sidwaya<\/a>.<\/p>\n<\/div>\n<p>Auteur: BS. Sidwaya<br \/>\n<a href=\"https:\/\/www.sidwaya.info\/blog\/2022\/04\/19\/kenya-ouverture-dune-ecole-pour-former-les-futurs-dirigeants-de-lafrique-de-lest\/?utm_source=rss&#038;utm_medium=rss&#038;utm_campaign=kenya-ouverture-dune-ecole-pour-former-les-futurs-dirigeants-de-lafrique-de-lest\">Cliquez ici pour lire l&rsquo;article depuis sa source.<\/a><\/p>\n","protected":false},"excerpt":{"rendered":"<p>L\u2019union fait la force dit-on. Mais en Afrique de l\u2019Est, l\u2019union peut aussi contribuer au d\u00e9veloppement. R\u00e9unis au sein de l\u2019Autorit\u00e9 intergouvernementale pour le d\u00e9veloppement (IGAD), les pays de l\u2019Afrique de l\u2019Est veulent cr\u00e9er une \u00e9cole de leadership \u00e0 Nairobi au Kenya afin de former la prochaine g\u00e9n\u00e9ration de dirigeants de cette partie du continent [&hellip;]<\/p>\n","protected":false},"author":1816,"featured_media":0,"comment_status":"closed","ping_status":"closed","sticky":false,"template":"","format":"standard","meta":{"fifu_image_url":"","fifu_image_alt":"","footnotes":""},"categories":[73,81],"tags":[],"class_list":["post-145905","post","type-post","status-publish","format-standard","hentry","category-actualite","category-burkina-faso"],"_links":{"self":[{"href":"https:\/\/linitiative.ca\/International\/wp-json\/wp\/v2\/posts\/145905","targetHints":{"allow":["GET"]}}],"collection":[{"href":"https:\/\/linitiative.ca\/International\/wp-json\/wp\/v2\/posts"}],"about":[{"href":"https:\/\/linitiative.ca\/International\/wp-json\/wp\/v2\/types\/post"}],"author":[{"embeddable":true,"href":"https:\/\/linitiative.ca\/International\/wp-json\/wp\/v2\/users\/1816"}],"replies":[{"embeddable":true,"href":"https:\/\/linitiative.ca\/International\/wp-json\/wp\/v2\/comments?post=145905"}],"version-history":[{"count":0,"href":"https:\/\/linitiative.ca\/International\/wp-json\/wp\/v2\/posts\/145905\/revisions"}],"wp:attachment":[{"href":"https:\/\/linitiative.ca\/International\/wp-json\/wp\/v2\/media?parent=145905"}],"wp:term":[{"taxonomy":"category","embeddable":true,"href":"https:\/\/linitiative.ca\/International\/wp-json\/wp\/v2\/categories?post=145905"},{"taxonomy":"post_tag","embeddable":true,"href":"https:\/\/linitiative.ca\/International\/wp-json\/wp\/v2\/tags?post=145905"}],"curies":[{"name":"wp","href":"https:\/\/api.w.org\/{rel}","templated":true}]}}