{"id":145906,"date":"2022-04-19T13:18:04","date_gmt":"2022-04-19T17:18:04","guid":{"rendered":"https:\/\/linitiative.ca\/International\/gestion-des-inondations-ramaphosa-previent-contre-la-corruption\/"},"modified":"2022-04-19T13:18:04","modified_gmt":"2022-04-19T17:18:04","slug":"gestion-des-inondations-ramaphosa-previent-contre-la-corruption","status":"publish","type":"post","link":"https:\/\/linitiative.ca\/International\/gestion-des-inondations-ramaphosa-previent-contre-la-corruption\/","title":{"rendered":"Gestion des inondations: Ramaphosa pr\u00e9vient contre la corruption"},"content":{"rendered":"<div>\n<p><img decoding=\"async\" width=\"279\" height=\"180\" src=\"https:\/\/linitiative.ca\/International\/wp-content\/uploads\/sites\/23\/2022\/04\/16503886847648.jpg\" class=\"attachment-post-thumbnail size-post-thumbnail wp-post-image\" alt=\"\" loading=\"lazy\"><\/p>\n<p>Des inondations d\u00e9vastatrices ont r\u00e9cemment frapp\u00e9 la province du KwaZulu-Natal.Le pr\u00e9sident Cyril Ramaphosa a d\u00e9clar\u00e9 que la pand\u00e9mie de Covid-19 a donn\u00e9 suffisamment de le\u00e7ons au nouveau groupe de travail que le gouvernement a mis en place pour s&rsquo;assurer que les fonds d\u00e9caiss\u00e9s pour reconstruire la province du KwaZulu-Natal (est) apr\u00e8s les inondations de la semaine derni\u00e8re ne soient pas utilis\u00e9s de mani\u00e8re abusive.<\/p>\n<p>S&rsquo;exprimant lors de l&rsquo;annonce de l&rsquo;\u00e9tat de catastrophe nationale lundi soir, M. Ramaphosa a mis en garde les \u00ab hy\u00e8nes de la corruption \u00bb contre le fait de saliver \u00e0 la perspective que des fonds publics soient d\u00e9bours\u00e9s pour reconstruire le KwaZulu-Natal, affirmant qu&rsquo;elles \u00ab n&rsquo;en sentiraient pas un centime \u00bb.<\/p>\n<p>\u00ab Tirant les le\u00e7ons de l&rsquo;exp\u00e9rience de la pand\u00e9mie de Covid-19, nous rassemblons les diff\u00e9rents acteurs pour qu&rsquo;ils fassent partie d&rsquo;une structure de surveillance afin de garantir que tous les fonds d\u00e9bours\u00e9s pour cette catastrophe soient correctement comptabilis\u00e9s et que l&rsquo;\u00c9tat en ait pour son argent \u00bb, a d\u00e9clar\u00e9 le pr\u00e9sident de la nation arc-en-ciel.<\/p>\n<p>Il a pr\u00e9cis\u00e9 que cette Taskforce comprend le bureau de l&rsquo;auditeur g\u00e9n\u00e9ral, les repr\u00e9sentants des entreprises, les religieux, les syndicats, les organisations communautaires et les organismes professionnels tels que les ing\u00e9nieurs et les comptables.<\/p>\n<p>Avec des fonds d&rsquo;urgence initiaux de 70 millions de dollars annonc\u00e9s la semaine derni\u00e8re, Cyril Ramaphosa a d\u00e9clar\u00e9 que le Fonds de solidarit\u00e9, initialement cr\u00e9\u00e9 pendant la pand\u00e9mie de Covid-19, sera mis en contribution pour aider la province du KwaZulu-Natal \u00e0 se reconstruire.<\/p>\n<p>Il a averti les hommes d&rsquo;affaires corrompus du pays qu&rsquo;\u00ab il ne peut y avoir de place pour la corruption, la mauvaise gestion ou la fraude d&rsquo;aucune sorte\u00a0\u00bb pendant le processus de reconstruction.<\/p>\n<p>Des milliards de dollars devraient \u00eatre consacr\u00e9s \u00e0 la reconstruction de la province du KwaZulu-Natal et de son principal centre financier, le port de Durban, dans l&rsquo;oc\u00e9an Indien, qui est la principale porte \u00e9conomique pour le commerce ext\u00e9rieur de l&rsquo;Afrique australe.<\/p>\n<p>Cet article <a rel=\"nofollow\" href=\"https:\/\/www.journalducameroun.com\/gestion-des-inondations-ramaphosa-previent-contre-la-corruption\/\">Gestion des inondations: Ramaphosa pr\u00e9vient contre la corruption<\/a> est apparu en premier sur <a rel=\"nofollow\" href=\"https:\/\/www.journalducameroun.com\/\">Journal du Cameroun<\/a>.<\/p>\n<\/div>\n<p>Auteur: APA News<br \/>\n<a href=\"https:\/\/www.journalducameroun.com\/gestion-des-inondations-ramaphosa-previent-contre-la-corruption\/\">Cliquez ici pour lire l&rsquo;article depuis sa source.<\/a><\/p>\n","protected":false},"excerpt":{"rendered":"<p>Des inondations d\u00e9vastatrices ont r\u00e9cemment frapp\u00e9 la province du KwaZulu-Natal.Le pr\u00e9sident Cyril Ramaphosa a d\u00e9clar\u00e9 que la pand\u00e9mie de Covid-19 a donn\u00e9 suffisamment de le\u00e7ons au nouveau groupe de travail que le gouvernement a mis en place pour s&rsquo;assurer que les fonds d\u00e9caiss\u00e9s pour reconstruire la province du KwaZulu-Natal (est) apr\u00e8s les inondations de la [&hellip;]<\/p>\n","protected":false},"author":1965,"featured_media":0,"comment_status":"closed","ping_status":"closed","sticky":false,"template":"","format":"standard","meta":{"fifu_image_url":"https:\/\/www.journalducameroun.com\/wp-content\/uploads\/2022\/04\/16503886847648.jpg","fifu_image_alt":"Gestion des inondations: Ramaphosa pr\u00e9vient contre la corruption","footnotes":""},"categories":[73,82],"tags":[],"class_list":["post-145906","post","type-post","status-publish","format-standard","hentry","category-actualite","category-cameroun"],"_links":{"self":[{"href":"https:\/\/linitiative.ca\/International\/wp-json\/wp\/v2\/posts\/145906","targetHints":{"allow":["GET"]}}],"collection":[{"href":"https:\/\/linitiative.ca\/International\/wp-json\/wp\/v2\/posts"}],"about":[{"href":"https:\/\/linitiative.ca\/International\/wp-json\/wp\/v2\/types\/post"}],"author":[{"embeddable":true,"href":"https:\/\/linitiative.ca\/International\/wp-json\/wp\/v2\/users\/1965"}],"replies":[{"embeddable":true,"href":"https:\/\/linitiative.ca\/International\/wp-json\/wp\/v2\/comments?post=145906"}],"version-history":[{"count":0,"href":"https:\/\/linitiative.ca\/International\/wp-json\/wp\/v2\/posts\/145906\/revisions"}],"wp:attachment":[{"href":"https:\/\/linitiative.ca\/International\/wp-json\/wp\/v2\/media?parent=145906"}],"wp:term":[{"taxonomy":"category","embeddable":true,"href":"https:\/\/linitiative.ca\/International\/wp-json\/wp\/v2\/categories?post=145906"},{"taxonomy":"post_tag","embeddable":true,"href":"https:\/\/linitiative.ca\/International\/wp-json\/wp\/v2\/tags?post=145906"}],"curies":[{"name":"wp","href":"https:\/\/api.w.org\/{rel}","templated":true}]}}