{"id":145910,"date":"2022-04-19T15:18:03","date_gmt":"2022-04-19T19:18:03","guid":{"rendered":"https:\/\/linitiative.ca\/International\/maroc-le-salon-international-des-technologies-de-leau-en-juin-prochain-a-casablanca\/"},"modified":"2022-04-19T15:18:03","modified_gmt":"2022-04-19T19:18:03","slug":"maroc-le-salon-international-des-technologies-de-leau-en-juin-prochain-a-casablanca","status":"publish","type":"post","link":"https:\/\/linitiative.ca\/International\/maroc-le-salon-international-des-technologies-de-leau-en-juin-prochain-a-casablanca\/","title":{"rendered":"Maroc: le Salon international des technologies de l\u2019eau en juin prochain \u00e0 Casablanca"},"content":{"rendered":"<div>\n<p><img decoding=\"async\" width=\"310\" height=\"163\" src=\"https:\/\/linitiative.ca\/International\/wp-content\/uploads\/sites\/23\/2022\/04\/16503958837585.jpg\" class=\"attachment-post-thumbnail size-post-thumbnail wp-post-image\" alt=\"\" loading=\"lazy\" srcset=\"https:\/\/linitiative.ca\/International\/wp-content\/uploads\/sites\/23\/2022\/04\/16503958837585.jpg 310w, https:\/\/www.journalducameroun.com\/wp-content\/uploads\/2022\/04\/16503958837585-300x158.jpg 300w\" sizes=\"auto, (max-width: 310px) 100vw, 310px\"><\/p>\n<p>La 7\u00e8me \u00e9dition du Salon international des technologies de l&rsquo;eau et de l&rsquo;assainissement (SITeau) se tiendra du 07 au 09 juin prochain \u00e0 Casablanca, ont annonc\u00e9 mardi les organisateurs.Le SITeau s&rsquo;inscrit dans les processus de pr\u00e9paration et\/ou de capitalisation des Forums mondiaux de l&rsquo;eau qui le labellisent, \u00e9v\u00e8nements initi\u00e9s par le Conseil mondial de l&rsquo;eau, a pr\u00e9cis\u00e9 la m\u00eame source.<\/p>\n<p>Le salon se propose d&rsquo;explorer la place de l&rsquo;eau dans le nouveau mod\u00e8le de d\u00e9veloppement, int\u00e9grant les paradigmes \u201cchangements climatiques, transition \u00e9cologique et territoires\u201d, en vue de proposer des solutions innovantes, et de contextualiser des m\u00e9thodologies et des sc\u00e9narios de gouvernance am\u00e9lior\u00e9e, ont soulign\u00e9 les organisateurs.<\/p>\n<p>Ce processus suppose d&rsquo;engager une \u00e9volution dans les modes de production, de valorisation et de consommation en consid\u00e9rant les approches publiques et leurs leviers r\u00e9glementaires et fiscaux.<\/p>\n<p>Au menu de ce salon figurent une exposition des m\u00e9tiers de l&rsquo;eau, de l&rsquo;assainissement et de l&rsquo;\u00e9nergie avec un espace d\u00e9di\u00e9 aux Start up, une conf\u00e9rence internationale de haut niveau en partenariat avec la Coalition marocaine pour l&rsquo;eau \u00ab\u00a0COALMA\u00a0\u00bb et une s\u00e9quence \u00ab\u00a0interg\u00e9n\u00e9rationnelle\u00a0\u00bb qui rassemblera des \u00ab\u00a0jeunes\u00a0\u00bb et des \u00ab\u00a0anciens\u00a0\u00bb pour un \u00e9change et un transfert d&rsquo;exp\u00e9rience. Au programme \u00e9galement, une formation sur les aspects juridiques et institutionnels de l&rsquo;eau et des rencontres BtoB.<\/p>\n<p>Cet article <a rel=\"nofollow\" href=\"https:\/\/www.journalducameroun.com\/maroc-le-salon-international-des-technologies-de-leau-en-juin-prochain-a-casablanca\/\">Maroc: le Salon international des technologies de l\u2019eau en juin prochain \u00e0 Casablanca<\/a> est apparu en premier sur <a rel=\"nofollow\" href=\"https:\/\/www.journalducameroun.com\/\">Journal du Cameroun<\/a>.<\/p>\n<\/div>\n<p>Auteur: APA News<br \/>\n<a href=\"https:\/\/www.journalducameroun.com\/maroc-le-salon-international-des-technologies-de-leau-en-juin-prochain-a-casablanca\/\">Cliquez ici pour lire l&rsquo;article depuis sa source.<\/a><\/p>\n","protected":false},"excerpt":{"rendered":"<p>La 7\u00e8me \u00e9dition du Salon international des technologies de l&rsquo;eau et de l&rsquo;assainissement (SITeau) se tiendra du 07 au 09 juin prochain \u00e0 Casablanca, ont annonc\u00e9 mardi les organisateurs.Le SITeau s&rsquo;inscrit dans les processus de pr\u00e9paration et\/ou de capitalisation des Forums mondiaux de l&rsquo;eau qui le labellisent, \u00e9v\u00e8nements initi\u00e9s par le Conseil mondial de l&rsquo;eau, [&hellip;]<\/p>\n","protected":false},"author":1965,"featured_media":0,"comment_status":"closed","ping_status":"closed","sticky":false,"template":"","format":"standard","meta":{"fifu_image_url":"https:\/\/www.journalducameroun.com\/wp-content\/uploads\/2022\/04\/16503958837585.jpg","fifu_image_alt":"Maroc: le Salon international des technologies de l\u2019eau en juin prochain \u00e0 Casablanca","footnotes":""},"categories":[73,82],"tags":[],"class_list":["post-145910","post","type-post","status-publish","format-standard","hentry","category-actualite","category-cameroun"],"_links":{"self":[{"href":"https:\/\/linitiative.ca\/International\/wp-json\/wp\/v2\/posts\/145910","targetHints":{"allow":["GET"]}}],"collection":[{"href":"https:\/\/linitiative.ca\/International\/wp-json\/wp\/v2\/posts"}],"about":[{"href":"https:\/\/linitiative.ca\/International\/wp-json\/wp\/v2\/types\/post"}],"author":[{"embeddable":true,"href":"https:\/\/linitiative.ca\/International\/wp-json\/wp\/v2\/users\/1965"}],"replies":[{"embeddable":true,"href":"https:\/\/linitiative.ca\/International\/wp-json\/wp\/v2\/comments?post=145910"}],"version-history":[{"count":0,"href":"https:\/\/linitiative.ca\/International\/wp-json\/wp\/v2\/posts\/145910\/revisions"}],"wp:attachment":[{"href":"https:\/\/linitiative.ca\/International\/wp-json\/wp\/v2\/media?parent=145910"}],"wp:term":[{"taxonomy":"category","embeddable":true,"href":"https:\/\/linitiative.ca\/International\/wp-json\/wp\/v2\/categories?post=145910"},{"taxonomy":"post_tag","embeddable":true,"href":"https:\/\/linitiative.ca\/International\/wp-json\/wp\/v2\/tags?post=145910"}],"curies":[{"name":"wp","href":"https:\/\/api.w.org\/{rel}","templated":true}]}}