{"id":145912,"date":"2022-04-19T15:18:03","date_gmt":"2022-04-19T19:18:03","guid":{"rendered":"https:\/\/linitiative.ca\/International\/can-2023-le-tirage-au-sort-des-eliminatoires-effectue\/"},"modified":"2022-04-19T15:18:03","modified_gmt":"2022-04-19T19:18:03","slug":"can-2023-le-tirage-au-sort-des-eliminatoires-effectue","status":"publish","type":"post","link":"https:\/\/linitiative.ca\/International\/can-2023-le-tirage-au-sort-des-eliminatoires-effectue\/","title":{"rendered":"Can 2023 : le tirage au sort des \u00e9liminatoires effectu\u00e9"},"content":{"rendered":"<div>\n<p><img decoding=\"async\" width=\"1024\" height=\"683\" src=\"https:\/\/linitiative.ca\/International\/wp-content\/uploads\/sites\/23\/2022\/04\/16503958834746.jpg\" class=\"attachment-post-thumbnail size-post-thumbnail wp-post-image\" alt=\"\" loading=\"lazy\" srcset=\"https:\/\/linitiative.ca\/International\/wp-content\/uploads\/sites\/23\/2022\/04\/16503958834746.jpg 1024w, https:\/\/www.journalducameroun.com\/wp-content\/uploads\/2022\/04\/16503958834746-300x200.jpg 300w, https:\/\/www.journalducameroun.com\/wp-content\/uploads\/2022\/04\/16503958834746-768x512.jpg 768w, https:\/\/www.journalducameroun.com\/wp-content\/uploads\/2022\/04\/16503958834746-660x440.jpg 660w, https:\/\/www.journalducameroun.com\/wp-content\/uploads\/2022\/04\/16503958834746-600x400.jpg 600w\" sizes=\"auto, (max-width: 1024px) 100vw, 1024px\"><\/p>\n<p>La Conf\u00e9d\u00e9ration africaine de football (Caf) a constitu\u00e9, ce mardi \u00e0 Johannesburg, en Afrique du Sud, les douze groupes du dernier tour qualificatif \u00e0 la Coupe d&rsquo;Afrique des nations 2023.L&rsquo;ancien d\u00e9fenseur sud-africain Lucas Radebe et l&rsquo;ex-attaquant ivoirien Salomon Kalou, tous les deux champions d&rsquo;Afrique en 1996 et 2015, ont r\u00e9parti les 48 s\u00e9lections en lice dans 12 poules. Chaque groupe est compos\u00e9 de quatre \u00e9quipes issues des chapeaux pr\u00e9alablement form\u00e9s sur la base du classement de la F\u00e9d\u00e9ration internationale de football association (Fifa) du 31 mars 2022.<\/p>\n<p>Les deux premi\u00e8res journ\u00e9es des qualifications se disputeront du 30 mai au 14 juin 2022. Les journ\u00e9es 3 et 4 se tiendront entre le 19 et le 27 septembre 2022. Les deux derni\u00e8res auront lieu du 20 au 28 mars 2023. Pays h\u00f4te de la comp\u00e9tition (23 juin &#8211; 23 juillet 2023), la C\u00f4te d&rsquo;Ivoire est qualifi\u00e9e d&rsquo;office. Except\u00e9 son groupe, il y a deux tickets disponibles dans tous les autres.<\/p>\n<p>Voici la composition des groupes des \u00e9liminatoires de la Can 2023 :<\/p>\n<p>Groupe A : Nigeria, Sierra Leone, Guin\u00e9e Bissau et S\u00e3o-Tom\u00e9-et-Pr\u00edncipe ou Maurice.<\/p>\n<p>Groupe B\u00a0:\u00a0Burkina, Cabo Verde, Togo\u00a0et Eswatini.<\/p>\n<p>Groupe C\u00a0: Cameroun, Kenya, Namibie et Burundi.<\/p>\n<p>Groupe D\u00a0:\u00a0\u00c9gypte, Guin\u00e9e, Malawi et \u00c9thiopie.<\/p>\n<p>Groupe E\u00a0:\u00a0Ghana, Madagascar, Angola et Centrafrique.<\/p>\n<p>Groupe F\u00a0:\u00a0Alg\u00e9rie, Ouganda, Niger et Tanzanie.<\/p>\n<p>Groupe G\u00a0:\u00a0Mali, Congo, Gambie\u00a0et Soudan du Sud.<\/p>\n<p>Groupe H\u00a0:\u00a0C\u00f4te d&rsquo;Ivoire (pays organisateur), Zambie, Comores et\u00a0Lesotho.<\/p>\n<p>Groupe I\u00a0: \u00a0RD Congo, Gabon, Mauritanie et Soudan.<\/p>\n<p>Groupe J\u00a0: \u00a0Tunisie, Guin\u00e9e \u00e9quatoriale, Libye et Botswana.<\/p>\n<p>Groupe K\u00a0: Maroc, Afrique du Sud, Zimbabwe et Liberia.<\/p>\n<p>Groupe L\u00a0: S\u00e9n\u00e9gal (tenant du titre), B\u00e9nin, Mozambique et Rwanda.<\/p>\n<p>Cet article <a rel=\"nofollow\" href=\"https:\/\/www.journalducameroun.com\/can-2023-le-tirage-au-sort-des-eliminatoires-effectue\/\">Can 2023 : le tirage au sort des \u00e9liminatoires effectu\u00e9<\/a> est apparu en premier sur <a rel=\"nofollow\" href=\"https:\/\/www.journalducameroun.com\/\">Journal du Cameroun<\/a>.<\/p>\n<\/div>\n<p>Auteur: APA News<br \/>\n<a href=\"https:\/\/www.journalducameroun.com\/can-2023-le-tirage-au-sort-des-eliminatoires-effectue\/\">Cliquez ici pour lire l&rsquo;article depuis sa source.<\/a><\/p>\n","protected":false},"excerpt":{"rendered":"<p>La Conf\u00e9d\u00e9ration africaine de football (Caf) a constitu\u00e9, ce mardi \u00e0 Johannesburg, en Afrique du Sud, les douze groupes du dernier tour qualificatif \u00e0 la Coupe d&rsquo;Afrique des nations 2023.L&rsquo;ancien d\u00e9fenseur sud-africain Lucas Radebe et l&rsquo;ex-attaquant ivoirien Salomon Kalou, tous les deux champions d&rsquo;Afrique en 1996 et 2015, ont r\u00e9parti les 48 s\u00e9lections en lice [&hellip;]<\/p>\n","protected":false},"author":1965,"featured_media":0,"comment_status":"closed","ping_status":"closed","sticky":false,"template":"","format":"standard","meta":{"fifu_image_url":"https:\/\/www.journalducameroun.com\/wp-content\/uploads\/2022\/04\/16503958834746.jpg","fifu_image_alt":"Can 2023 : le tirage au sort des \u00e9liminatoires effectu\u00e9","footnotes":""},"categories":[73,82],"tags":[],"class_list":["post-145912","post","type-post","status-publish","format-standard","hentry","category-actualite","category-cameroun"],"_links":{"self":[{"href":"https:\/\/linitiative.ca\/International\/wp-json\/wp\/v2\/posts\/145912","targetHints":{"allow":["GET"]}}],"collection":[{"href":"https:\/\/linitiative.ca\/International\/wp-json\/wp\/v2\/posts"}],"about":[{"href":"https:\/\/linitiative.ca\/International\/wp-json\/wp\/v2\/types\/post"}],"author":[{"embeddable":true,"href":"https:\/\/linitiative.ca\/International\/wp-json\/wp\/v2\/users\/1965"}],"replies":[{"embeddable":true,"href":"https:\/\/linitiative.ca\/International\/wp-json\/wp\/v2\/comments?post=145912"}],"version-history":[{"count":0,"href":"https:\/\/linitiative.ca\/International\/wp-json\/wp\/v2\/posts\/145912\/revisions"}],"wp:attachment":[{"href":"https:\/\/linitiative.ca\/International\/wp-json\/wp\/v2\/media?parent=145912"}],"wp:term":[{"taxonomy":"category","embeddable":true,"href":"https:\/\/linitiative.ca\/International\/wp-json\/wp\/v2\/categories?post=145912"},{"taxonomy":"post_tag","embeddable":true,"href":"https:\/\/linitiative.ca\/International\/wp-json\/wp\/v2\/tags?post=145912"}],"curies":[{"name":"wp","href":"https:\/\/api.w.org\/{rel}","templated":true}]}}