{"id":145924,"date":"2022-04-20T08:00:13","date_gmt":"2022-04-20T12:00:13","guid":{"rendered":"https:\/\/linitiative.ca\/International\/fruit-dun-partenariat-entre-la-bcp-le-cri-et-lanapec-70-projets-finances-par-riyada-a-laayoune\/"},"modified":"2022-04-20T08:00:13","modified_gmt":"2022-04-20T12:00:13","slug":"fruit-dun-partenariat-entre-la-bcp-le-cri-et-lanapec-70-projets-finances-par-riyada-a-laayoune","status":"publish","type":"post","link":"https:\/\/linitiative.ca\/International\/fruit-dun-partenariat-entre-la-bcp-le-cri-et-lanapec-70-projets-finances-par-riyada-a-laayoune\/","title":{"rendered":"Fruit d\u2019un partenariat entre la BCP, le CRI et l\u2019Anapec : 70 projets financ\u00e9s par Riyada \u00e0 La\u00e2youne"},"content":{"rendered":"<div>\n<p><img decoding=\"async\" width=\"300\" height=\"153\" src=\"https:\/\/linitiative.ca\/International\/wp-content\/uploads\/sites\/23\/2022\/04\/Partenariat-entre-la-BCP-le-CRI-et-lAnapec-laayoune-300x153-1.jpg\" class=\"attachment-medium size-medium wp-post-image\" alt=\"\" loading=\"lazy\" srcset=\"https:\/\/linitiative.ca\/International\/wp-content\/uploads\/sites\/23\/2022\/04\/Partenariat-entre-la-BCP-le-CRI-et-lAnapec-laayoune-300x153-1.jpg 300w, https:\/\/aujourdhui.ma\/wp-content\/uploads\/2022\/04\/Partenariat-entre-la-BCP-le-CRI-et-lAnapec-laayoune-274x140.jpg 274w, https:\/\/aujourdhui.ma\/wp-content\/uploads\/2022\/04\/Partenariat-entre-la-BCP-le-CRI-et-lAnapec-laayoune.jpg 746w, https:\/\/aujourdhui.ma\/wp-content\/uploads\/2022\/04\/Partenariat-entre-la-BCP-le-CRI-et-lAnapec-laayoune-165x84.jpg 165w, https:\/\/aujourdhui.ma\/wp-content\/uploads\/2022\/04\/Partenariat-entre-la-BCP-le-CRI-et-lAnapec-laayoune-702x358.jpg 702w\" sizes=\"auto, (max-width: 300px) 100vw, 300px\"><\/p>\n<p><span style=\"font-size: 20px; color: #800000;\"><strong>D\u2019une dur\u00e9e de quatre mois, ce programme se d\u00e9cline en plusieurs actions facilitant aux entrepreneurs retenus l\u2019acc\u00e8s au financement, au march\u00e9 et \u00e0 l\u2019\u00e9cosyst\u00e8me entrepreneurial r\u00e9gional.<\/strong> <\/span><span id=\"more-405706\"><\/span><\/p>\n<p>Plus de 70 projets pr\u00e9sent\u00e9s par les jeunes de La\u00e2youne ont b\u00e9n\u00e9fici\u00e9 de financement et d\u2019accompagnement dans le cadre du programme baptis\u00e9 \u00abRiyada\u00bb relatif au programme int\u00e9gr\u00e9 d\u2019accompagnement Intelaka dont la deuxi\u00e8me \u00e9dition vient d\u2019\u00eatre lanc\u00e9e en vue de promouvoir les initiatives entrepreneuriales dans la r\u00e9gion.<\/p>\n<p>Dans les d\u00e9tails, 92 projets ont \u00e9t\u00e9 retenus lors de la premi\u00e8re \u00e9dition de ce programme dont 70 ont b\u00e9n\u00e9fici\u00e9 des financements par le comit\u00e9 en charge de cette initiative lanc\u00e9e par le Centre r\u00e9gional d\u2019investissement de La\u00e2youne-Sakia El Hamra, l\u2019Agence nationale de promotion de l\u2019emploi et des comp\u00e9tences (ANAPEC), la Fondation cr\u00e9ation d\u2019entreprises du Groupe BCP (FCE) et la Banque populaire r\u00e9gionale de La\u00e2youne.<br \/>\nLes activit\u00e9s concern\u00e9es par les projets admis concernent notamment le commerce, l\u2019agriculture, et l\u2019industrie.<\/p>\n<p>Les 70 porteurs de projets ont b\u00e9n\u00e9fici\u00e9 d\u2019un accompagnement durant toutes les phases de leurs projets : du cadrage de l\u2019id\u00e9e de d\u00e9part jusqu\u2019\u00e0 l\u2019aide au montage du dossier de financement, en passant par des formations autour de l\u2019entrepreneuriat, l\u2019aide au montage du business plan et l\u2019assistance dans les d\u00e9marches de cr\u00e9ation d\u2019entreprises.<\/p>\n<p>En effet, les parties engag\u00e9es dans ce programme unissent leurs expertises, en parfaite synergie, au profit des porteurs d\u2019id\u00e9es afin de leur apporter un accompagnement personnalis\u00e9 et \u00e0 grande valeur ajout\u00e9e, en permettant notamment une meilleure inclusion financi\u00e8re des jeunes dans le cadre du financement programme int\u00e9gr\u00e9 d\u2019appui et de financement de l\u2019entrepreneuriat (PIAFE).<br \/>\nLe lancement de cette initiative vient confirmer la volont\u00e9 des partenaires d\u2019encourager l\u2019auto-emploi, l\u2019initiative entrepreneuriale et l\u2019inclusion financi\u00e8re des jeunes entrepreneurs dans le cadre du PIAFE.<br \/>\nLe programme d\u2019int\u00e9gration socio-\u00e9conomique des jeunes \u00e0 travers l\u2019encouragement de l\u2019entrepreneuriat Riyada a pour objectif d\u2019offrir un accompagnement int\u00e9gr\u00e9 au profit des porteurs de projets de la r\u00e9gion de La\u00e2youne-Sakia El Hamra.<\/p>\n<p>D\u2019une dur\u00e9e de quatre mois, ce programme se d\u00e9cline en plusieurs actions facilitant aux entrepreneurs retenus l\u2019acc\u00e8s au financement, au march\u00e9 et \u00e0 l\u2019\u00e9cosyst\u00e8me entrepreneurial r\u00e9gional. Ces \u00e9tapes d\u2019accompagnement vont de la formation au mentorat, en passant par une assistance technique approfondie n\u00e9cessaire \u00e0 la constitution des dossiers de financement.<\/p>\n<p>Pour rappel, le Piafe a \u00e9t\u00e9 initi\u00e9 suite aux Hautes Instructions Royales pour accompagner les porteurs de projets, notamment dans le volet de l\u2019appui et de l\u2019accompagnement, \u00e0 travers une coordination d\u2019actions au niveau r\u00e9gional. Dans ce cadre, le comit\u00e9 de suivi du projet Riyada veille \u00e0 l\u2019application des actions de ce programme en concordance avec le Piafe, au profit des jeunes porteurs de projets et des TPME, qui constituent la grande majorit\u00e9 du tissu \u00e9conomique de la r\u00e9gion. Cette initiative vise \u00e0 booster la dynamique entrepreneuriale dans la r\u00e9gion, dans le cadre du programme int\u00e9gr\u00e9 d\u2019appui et de financement des entreprises.<\/p>\n<\/div>\n<p>Auteur: Mohamed Laabid<br \/>\n<a href=\"https:\/\/aujourdhui.ma\/economie\/fruit-dun-partenariat-entre-la-bcp-le-cri-et-lanapec-70-projets-finances-par-riyada-a-laayoune\">Cliquez ici pour lire l&rsquo;article depuis sa source.<\/a><\/p>\n","protected":false},"excerpt":{"rendered":"<p>D\u2019une dur\u00e9e de quatre mois, ce programme se d\u00e9cline en plusieurs actions facilitant aux entrepreneurs retenus l\u2019acc\u00e8s au financement, au march\u00e9 et \u00e0 l\u2019\u00e9cosyst\u00e8me entrepreneurial r\u00e9gional. Plus de 70 projets pr\u00e9sent\u00e9s par les jeunes de La\u00e2youne ont b\u00e9n\u00e9fici\u00e9 de financement et d\u2019accompagnement dans le cadre du programme baptis\u00e9 \u00abRiyada\u00bb relatif au programme int\u00e9gr\u00e9 d\u2019accompagnement Intelaka [&hellip;]<\/p>\n","protected":false},"author":1759,"featured_media":0,"comment_status":"closed","ping_status":"closed","sticky":false,"template":"","format":"standard","meta":{"fifu_image_url":"https:\/\/aujourdhui.ma\/wp-content\/uploads\/2022\/04\/Partenariat-entre-la-BCP-le-CRI-et-lAnapec-laayoune-300x153.jpg","fifu_image_alt":"Fruit d\u2019un partenariat entre la BCP, le CRI et l\u2019Anapec : 70 projets financ\u00e9s par Riyada \u00e0 La\u00e2youne","footnotes":""},"categories":[73,54],"tags":[],"class_list":["post-145924","post","type-post","status-publish","format-standard","hentry","category-actualite","category-maroc"],"_links":{"self":[{"href":"https:\/\/linitiative.ca\/International\/wp-json\/wp\/v2\/posts\/145924","targetHints":{"allow":["GET"]}}],"collection":[{"href":"https:\/\/linitiative.ca\/International\/wp-json\/wp\/v2\/posts"}],"about":[{"href":"https:\/\/linitiative.ca\/International\/wp-json\/wp\/v2\/types\/post"}],"author":[{"embeddable":true,"href":"https:\/\/linitiative.ca\/International\/wp-json\/wp\/v2\/users\/1759"}],"replies":[{"embeddable":true,"href":"https:\/\/linitiative.ca\/International\/wp-json\/wp\/v2\/comments?post=145924"}],"version-history":[{"count":0,"href":"https:\/\/linitiative.ca\/International\/wp-json\/wp\/v2\/posts\/145924\/revisions"}],"wp:attachment":[{"href":"https:\/\/linitiative.ca\/International\/wp-json\/wp\/v2\/media?parent=145924"}],"wp:term":[{"taxonomy":"category","embeddable":true,"href":"https:\/\/linitiative.ca\/International\/wp-json\/wp\/v2\/categories?post=145924"},{"taxonomy":"post_tag","embeddable":true,"href":"https:\/\/linitiative.ca\/International\/wp-json\/wp\/v2\/tags?post=145924"}],"curies":[{"name":"wp","href":"https:\/\/api.w.org\/{rel}","templated":true}]}}