{"id":145944,"date":"2022-04-20T00:38:00","date_gmt":"2022-04-20T04:38:00","guid":{"rendered":"https:\/\/linitiative.ca\/International\/coupe-ditalie-le-milan-ac-elimine-par-linter-un-but-de-bennacer-injustement-annule-video\/"},"modified":"2022-04-20T00:38:00","modified_gmt":"2022-04-20T04:38:00","slug":"coupe-ditalie-le-milan-ac-elimine-par-linter-un-but-de-bennacer-injustement-annule-video","status":"publish","type":"post","link":"https:\/\/linitiative.ca\/International\/coupe-ditalie-le-milan-ac-elimine-par-linter-un-but-de-bennacer-injustement-annule-video\/","title":{"rendered":"Coupe d&rsquo;Italie :  Le Milan AC \u00e9limin\u00e9 par l&rsquo;Inter. Un but de Bennacer injustement annul\u00e9 ? (Vid\u00e9o)"},"content":{"rendered":"<div>Apr\u00e8s un nul (0-0) \u00e0 l&rsquo;aller, l&rsquo;Inter Milan a \u00e9limin\u00e9 l&rsquo;AC Milan (3-0) ce mardi lors de la demi-finale retour de la Coupe d&rsquo;Italie. Isma\u00ebl Bennacer a inscrit un but qui a finalement \u00e9t\u00e9 refus\u00e9 apr\u00e8s consultation de la VAR<\/div>\n<p>Auteur:<br \/>\n<a href=\"https:\/\/www.lebuteur.com\/article\/detail?titre=coupe-ditalie-le-milan-ac-elimine-par-linter-un-but-de-bennacer-injustement-annule-video&#038;id=102733\">Cliquez ici pour lire l&rsquo;article depuis sa source.<\/a><\/p>\n","protected":false},"excerpt":{"rendered":"<p>Apr\u00e8s un nul (0-0) \u00e0 l&rsquo;aller, l&rsquo;Inter Milan a \u00e9limin\u00e9 l&rsquo;AC Milan (3-0) ce mardi lors de la demi-finale retour de la Coupe d&rsquo;Italie. Isma\u00ebl Bennacer a inscrit un but qui a finalement \u00e9t\u00e9 refus\u00e9 apr\u00e8s consultation de la VAR Auteur: Cliquez ici pour lire l&rsquo;article depuis sa source.<\/p>\n","protected":false},"author":1738,"featured_media":0,"comment_status":"closed","ping_status":"closed","sticky":false,"template":"","format":"standard","meta":{"fifu_image_url":"","fifu_image_alt":"","footnotes":""},"categories":[53,75],"tags":[],"class_list":["post-145944","post","type-post","status-publish","format-standard","hentry","category-algerie","category-sport"],"_links":{"self":[{"href":"https:\/\/linitiative.ca\/International\/wp-json\/wp\/v2\/posts\/145944","targetHints":{"allow":["GET"]}}],"collection":[{"href":"https:\/\/linitiative.ca\/International\/wp-json\/wp\/v2\/posts"}],"about":[{"href":"https:\/\/linitiative.ca\/International\/wp-json\/wp\/v2\/types\/post"}],"author":[{"embeddable":true,"href":"https:\/\/linitiative.ca\/International\/wp-json\/wp\/v2\/users\/1738"}],"replies":[{"embeddable":true,"href":"https:\/\/linitiative.ca\/International\/wp-json\/wp\/v2\/comments?post=145944"}],"version-history":[{"count":0,"href":"https:\/\/linitiative.ca\/International\/wp-json\/wp\/v2\/posts\/145944\/revisions"}],"wp:attachment":[{"href":"https:\/\/linitiative.ca\/International\/wp-json\/wp\/v2\/media?parent=145944"}],"wp:term":[{"taxonomy":"category","embeddable":true,"href":"https:\/\/linitiative.ca\/International\/wp-json\/wp\/v2\/categories?post=145944"},{"taxonomy":"post_tag","embeddable":true,"href":"https:\/\/linitiative.ca\/International\/wp-json\/wp\/v2\/tags?post=145944"}],"curies":[{"name":"wp","href":"https:\/\/api.w.org\/{rel}","templated":true}]}}