{"id":145951,"date":"2022-04-20T06:31:00","date_gmt":"2022-04-20T10:31:00","guid":{"rendered":"https:\/\/linitiative.ca\/International\/lifriqiya-conquerante-la-presence-musulmane-en-italie\/"},"modified":"2022-04-20T06:31:00","modified_gmt":"2022-04-20T10:31:00","slug":"lifriqiya-conquerante-la-presence-musulmane-en-italie","status":"publish","type":"post","link":"https:\/\/linitiative.ca\/International\/lifriqiya-conquerante-la-presence-musulmane-en-italie\/","title":{"rendered":"L\u2019Ifriqiya conqu\u00e9rante: la pr\u00e9sence musulmane en Italie"},"content":{"rendered":"<div><img decoding=\"async\" src=\"https:\/\/linitiative.ca\/International\/wp-content\/uploads\/sites\/23\/2022\/04\/1650449590_article.jpg\" alt=\"L\u2019Ifriqiya conqu\u00e9rante: la pr\u00e9sence musulmane en Italie\" align=\"left\">Par Mohamed-El Aziz Ben Achour &#8211; C\u2019est presque un lieu commun de dire que le Moyen \u00c2ge, c\u2019est-\u00e0-dire la p\u00e9riode de l\u2019histoire de l\u2019humanit\u00e9 qui s\u2019\u00e9tend du VIe au XVe si\u00e8cle, co\u00efncida avec l\u2019apog\u00e9e de la civilisation musulmane et de la puissance des Etats qui s\u2019en r\u00e9clamaient. On songe ainsi aux succ\u00e8s militaires des premiers califes successeurs du Proph\u00e8te, puis des Omeyyades de Damas, des Abbassides de Bagdad, des Ayyoubides puis des Mamelouks d\u2019Egypte et Syrie.<br \/>\nL\u2019Ifriqiya (la Tunisie actuelle \u00e9tendue \u00e0 peu pr\u00e8s \u00e0 la Tripolitaine et \u00e0 l\u2019Est de Constantine), situ\u00e9e \u00e0 l\u2019occident du monde musulman et gouvern\u00e9e depuis la conqu\u00eate par des gouverneurs &#8230;<\/p>\n<\/div>\n<p>Auteur:<br \/>\n<a href=\"https:\/\/www.leaders.com.tn\/article\/33265-l-ifriqiya-conquerante-la-presence-musulmane-en-italie\">Cliquez ici pour lire l&rsquo;article depuis sa source.<\/a><\/p>\n","protected":false},"excerpt":{"rendered":"<p>Par Mohamed-El Aziz Ben Achour &#8211; C\u2019est presque un lieu commun de dire que le Moyen \u00c2ge, c\u2019est-\u00e0-dire la p\u00e9riode de l\u2019histoire de l\u2019humanit\u00e9 qui s\u2019\u00e9tend du VIe au XVe si\u00e8cle, co\u00efncida avec l\u2019apog\u00e9e de la civilisation musulmane et de la puissance des Etats qui s\u2019en r\u00e9clamaient. On songe ainsi aux succ\u00e8s militaires des premiers [&hellip;]<\/p>\n","protected":false},"author":1772,"featured_media":0,"comment_status":"closed","ping_status":"closed","sticky":false,"template":"","format":"standard","meta":{"fifu_image_url":"http:\/\/www.leaders.com.tn\/uploads\/content\/thumbnails_small\/1650449590_article.jpg","fifu_image_alt":"L\u2019Ifriqiya conqu\u00e9rante: la pr\u00e9sence musulmane en Italie","footnotes":""},"categories":[73,55],"tags":[],"class_list":["post-145951","post","type-post","status-publish","format-standard","hentry","category-actualite","category-tunisie"],"_links":{"self":[{"href":"https:\/\/linitiative.ca\/International\/wp-json\/wp\/v2\/posts\/145951","targetHints":{"allow":["GET"]}}],"collection":[{"href":"https:\/\/linitiative.ca\/International\/wp-json\/wp\/v2\/posts"}],"about":[{"href":"https:\/\/linitiative.ca\/International\/wp-json\/wp\/v2\/types\/post"}],"author":[{"embeddable":true,"href":"https:\/\/linitiative.ca\/International\/wp-json\/wp\/v2\/users\/1772"}],"replies":[{"embeddable":true,"href":"https:\/\/linitiative.ca\/International\/wp-json\/wp\/v2\/comments?post=145951"}],"version-history":[{"count":0,"href":"https:\/\/linitiative.ca\/International\/wp-json\/wp\/v2\/posts\/145951\/revisions"}],"wp:attachment":[{"href":"https:\/\/linitiative.ca\/International\/wp-json\/wp\/v2\/media?parent=145951"}],"wp:term":[{"taxonomy":"category","embeddable":true,"href":"https:\/\/linitiative.ca\/International\/wp-json\/wp\/v2\/categories?post=145951"},{"taxonomy":"post_tag","embeddable":true,"href":"https:\/\/linitiative.ca\/International\/wp-json\/wp\/v2\/tags?post=145951"}],"curies":[{"name":"wp","href":"https:\/\/api.w.org\/{rel}","templated":true}]}}