{"id":145959,"date":"2022-04-20T12:10:30","date_gmt":"2022-04-20T16:10:30","guid":{"rendered":"https:\/\/linitiative.ca\/International\/le-pari-de-lexecutif\/"},"modified":"2022-04-20T12:10:30","modified_gmt":"2022-04-20T16:10:30","slug":"le-pari-de-lexecutif","status":"publish","type":"post","link":"https:\/\/linitiative.ca\/International\/le-pari-de-lexecutif\/","title":{"rendered":"Le pari de l\u2019ex\u00e9cutif\u00a0"},"content":{"rendered":"<div><img decoding=\"async\" width=\"920\" height=\"552\" src=\"https:\/\/linitiative.ca\/International\/wp-content\/uploads\/sites\/23\/2022\/04\/AKHANNOUCH.png\" class=\"attachment-post-thumbnail size-post-thumbnail wp-post-image\" alt=\"\" loading=\"lazy\" srcset=\"https:\/\/linitiative.ca\/International\/wp-content\/uploads\/sites\/23\/2022\/04\/AKHANNOUCH.png 920w, https:\/\/www.challenge.ma\/wp-content\/uploads\/2021\/10\/AKHANNOUCH-300x180.png 300w, https:\/\/www.challenge.ma\/wp-content\/uploads\/2021\/10\/AKHANNOUCH-768x461.png 768w, https:\/\/www.challenge.ma\/wp-content\/uploads\/2021\/10\/AKHANNOUCH-360x216.png 360w, https:\/\/www.challenge.ma\/wp-content\/uploads\/2021\/10\/AKHANNOUCH-750x450.png 750w\" sizes=\"auto, (max-width: 920px) 100vw, 920px\" itemprop=\"image\">Aziz Akhannouch a \u00e9t\u00e9 tr\u00e8s clair. Le Chef du gouvernement a \u00e9cart\u00e9 la possibilit\u00e9 d\u2019une loi de Finances rectificative et a promis de tenir tous ses engagements, en particulier sur le plan social et qu\u2019il trouvera les moyens financiers pour le faire. Il n\u2019y a pas de raison de douter<\/div>\n<p>Auteur: Jamal Berraoui<br \/>\n<a href=\"https:\/\/www.challenge.ma\/le-pari-de-lexecutif-237140\/\">Cliquez ici pour lire l&rsquo;article depuis sa source.<\/a><\/p>\n","protected":false},"excerpt":{"rendered":"<p>Aziz Akhannouch a \u00e9t\u00e9 tr\u00e8s clair. Le Chef du gouvernement a \u00e9cart\u00e9 la possibilit\u00e9 d\u2019une loi de Finances rectificative et a promis de tenir tous ses engagements, en particulier sur le plan social et qu\u2019il trouvera les moyens financiers pour le faire. Il n\u2019y a pas de raison de douter Auteur: Jamal Berraoui Cliquez ici [&hellip;]<\/p>\n","protected":false},"author":1787,"featured_media":0,"comment_status":"closed","ping_status":"closed","sticky":false,"template":"","format":"standard","meta":{"fifu_image_url":"https:\/\/www.challenge.ma\/wp-content\/uploads\/2021\/10\/AKHANNOUCH.png","fifu_image_alt":"Le pari de l\u2019ex\u00e9cutif\u00a0","footnotes":""},"categories":[78,54],"tags":[],"class_list":["post-145959","post","type-post","status-publish","format-standard","hentry","category-economie","category-maroc"],"_links":{"self":[{"href":"https:\/\/linitiative.ca\/International\/wp-json\/wp\/v2\/posts\/145959","targetHints":{"allow":["GET"]}}],"collection":[{"href":"https:\/\/linitiative.ca\/International\/wp-json\/wp\/v2\/posts"}],"about":[{"href":"https:\/\/linitiative.ca\/International\/wp-json\/wp\/v2\/types\/post"}],"author":[{"embeddable":true,"href":"https:\/\/linitiative.ca\/International\/wp-json\/wp\/v2\/users\/1787"}],"replies":[{"embeddable":true,"href":"https:\/\/linitiative.ca\/International\/wp-json\/wp\/v2\/comments?post=145959"}],"version-history":[{"count":0,"href":"https:\/\/linitiative.ca\/International\/wp-json\/wp\/v2\/posts\/145959\/revisions"}],"wp:attachment":[{"href":"https:\/\/linitiative.ca\/International\/wp-json\/wp\/v2\/media?parent=145959"}],"wp:term":[{"taxonomy":"category","embeddable":true,"href":"https:\/\/linitiative.ca\/International\/wp-json\/wp\/v2\/categories?post=145959"},{"taxonomy":"post_tag","embeddable":true,"href":"https:\/\/linitiative.ca\/International\/wp-json\/wp\/v2\/tags?post=145959"}],"curies":[{"name":"wp","href":"https:\/\/api.w.org\/{rel}","templated":true}]}}