{"id":145965,"date":"2022-04-20T16:01:28","date_gmt":"2022-04-20T20:01:28","guid":{"rendered":"https:\/\/linitiative.ca\/International\/acquisition-par-bamako-de-nouveaux-equipements-militaires-sur-fond-de-retrait-de-barkhane-cest-le-terrain-qui-commande-la-manoeuvre\/"},"modified":"2022-04-20T16:01:28","modified_gmt":"2022-04-20T20:01:28","slug":"acquisition-par-bamako-de-nouveaux-equipements-militaires-sur-fond-de-retrait-de-barkhane-cest-le-terrain-qui-commande-la-manoeuvre","status":"publish","type":"post","link":"https:\/\/linitiative.ca\/International\/acquisition-par-bamako-de-nouveaux-equipements-militaires-sur-fond-de-retrait-de-barkhane-cest-le-terrain-qui-commande-la-manoeuvre\/","title":{"rendered":"ACQUISITION PAR BAMAKO DE NOUVEAUX EQUIPEMENTS MILITAIRES SUR FOND DE RETRAIT DE BARKHANE : C\u2019est le terrain qui commande la man\u0153uvre"},"content":{"rendered":"<div>\n<p><img decoding=\"async\" width=\"696\" height=\"392\" src=\"https:\/\/linitiative.ca\/International\/wp-content\/uploads\/sites\/23\/2022\/04\/mali-1.jpg\" class=\"attachment- size- wp-post-image\" alt=\"\" loading=\"lazy\" style=\"float:left; margin:0 15px 15px 0;\" srcset=\"https:\/\/linitiative.ca\/International\/wp-content\/uploads\/sites\/23\/2022\/04\/mali-1.jpg 696w, https:\/\/lepays.bf\/wp-content\/uploads\/2022\/04\/mali-1-300x169.jpg 300w, https:\/\/lepays.bf\/wp-content\/uploads\/2022\/04\/mali-1-150x84.jpg 150w\" sizes=\"auto, (max-width: 696px) 100vw, 696px\">Le 19 avril dernier, le Mali recevait deux nouveaux h\u00e9licopt\u00e8res de combat, fournis par son partenaire russe. L\u2019annonce en a \u00e9t\u00e9 faite par les autorit\u00e9s de Bamako, pour qui ce mat\u00e9riel doit \u00ab\u00a0aider les FAMa dans leur lutte de tous les jours pour l\u2019\u00e9radication du [\u2026]<\/p>\n<p>L\u2019article <a rel=\"nofollow\" href=\"https:\/\/lepays.bf\/acquisition-par-bamako-de-nouveaux-equipements-militaires-sur-fond-de-retrait-de-barkhane-cest-le-terrain-qui-commande-la-manoeuvre\/\">ACQUISITION PAR BAMAKO DE NOUVEAUX EQUIPEMENTS MILITAIRES SUR FOND DE RETRAIT DE BARKHANE : C\u2019est le terrain qui commande la man\u0153uvre<\/a> est apparu en premier sur <a rel=\"nofollow\" href=\"https:\/\/lepays.bf\/\">Editions Le Pays<\/a>.<\/p>\n<\/div>\n<p>Auteur: Editions LEPAYS<br \/>\n<a href=\"https:\/\/lepays.bf\/acquisition-par-bamako-de-nouveaux-equipements-militaires-sur-fond-de-retrait-de-barkhane-cest-le-terrain-qui-commande-la-manoeuvre\/\">Cliquez ici pour lire l&rsquo;article depuis sa source.<\/a><\/p>\n","protected":false},"excerpt":{"rendered":"<p>Le 19 avril dernier, le Mali recevait deux nouveaux h\u00e9licopt\u00e8res de combat, fournis par son partenaire russe. L\u2019annonce en a \u00e9t\u00e9 faite par les autorit\u00e9s de Bamako, pour qui ce mat\u00e9riel doit \u00ab\u00a0aider les FAMa dans leur lutte de tous les jours pour l\u2019\u00e9radication du [\u2026] L\u2019article ACQUISITION PAR BAMAKO DE NOUVEAUX EQUIPEMENTS MILITAIRES SUR [&hellip;]<\/p>\n","protected":false},"author":1813,"featured_media":0,"comment_status":"closed","ping_status":"closed","sticky":false,"template":"","format":"standard","meta":{"fifu_image_url":"https:\/\/lepays.bf\/wp-content\/uploads\/2022\/04\/mali-1.jpg","fifu_image_alt":"ACQUISITION PAR BAMAKO DE NOUVEAUX EQUIPEMENTS MILITAIRES SUR FOND DE RETRAIT DE BARKHANE : C\u2019est le terrain qui commande la man\u0153uvre","footnotes":""},"categories":[73,81],"tags":[],"class_list":["post-145965","post","type-post","status-publish","format-standard","hentry","category-actualite","category-burkina-faso"],"_links":{"self":[{"href":"https:\/\/linitiative.ca\/International\/wp-json\/wp\/v2\/posts\/145965","targetHints":{"allow":["GET"]}}],"collection":[{"href":"https:\/\/linitiative.ca\/International\/wp-json\/wp\/v2\/posts"}],"about":[{"href":"https:\/\/linitiative.ca\/International\/wp-json\/wp\/v2\/types\/post"}],"author":[{"embeddable":true,"href":"https:\/\/linitiative.ca\/International\/wp-json\/wp\/v2\/users\/1813"}],"replies":[{"embeddable":true,"href":"https:\/\/linitiative.ca\/International\/wp-json\/wp\/v2\/comments?post=145965"}],"version-history":[{"count":0,"href":"https:\/\/linitiative.ca\/International\/wp-json\/wp\/v2\/posts\/145965\/revisions"}],"wp:attachment":[{"href":"https:\/\/linitiative.ca\/International\/wp-json\/wp\/v2\/media?parent=145965"}],"wp:term":[{"taxonomy":"category","embeddable":true,"href":"https:\/\/linitiative.ca\/International\/wp-json\/wp\/v2\/categories?post=145965"},{"taxonomy":"post_tag","embeddable":true,"href":"https:\/\/linitiative.ca\/International\/wp-json\/wp\/v2\/tags?post=145965"}],"curies":[{"name":"wp","href":"https:\/\/api.w.org\/{rel}","templated":true}]}}