{"id":145967,"date":"2022-04-20T16:04:02","date_gmt":"2022-04-20T20:04:02","guid":{"rendered":"https:\/\/linitiative.ca\/International\/incarceration-du-ministre-nigerien-de-la-communication-mahamadou-zada-rattrape-par-ses-errements\/"},"modified":"2022-04-20T16:04:02","modified_gmt":"2022-04-20T20:04:02","slug":"incarceration-du-ministre-nigerien-de-la-communication-mahamadou-zada-rattrape-par-ses-errements","status":"publish","type":"post","link":"https:\/\/linitiative.ca\/International\/incarceration-du-ministre-nigerien-de-la-communication-mahamadou-zada-rattrape-par-ses-errements\/","title":{"rendered":"INCARCERATION DU MINISTRE NIGERIEN DE LA COMMUNICATION : Mahamadou Zada rattrap\u00e9 par ses errements"},"content":{"rendered":"<div>\n<p><img decoding=\"async\" width=\"300\" height=\"168\" src=\"https:\/\/linitiative.ca\/International\/wp-content\/uploads\/sites\/23\/2022\/04\/niger.jpg\" class=\"attachment- size- wp-post-image\" alt=\"\" loading=\"lazy\" style=\"float:left; margin:0 15px 15px 0;\" srcset=\"https:\/\/linitiative.ca\/International\/wp-content\/uploads\/sites\/23\/2022\/04\/niger.jpg 300w, https:\/\/lepays.bf\/wp-content\/uploads\/2022\/04\/niger-150x84.jpg 150w\" sizes=\"auto, (max-width: 300px) 100vw, 300px\">Le ministre nig\u00e9rien de la Communication et des relations avec les institutions, Mahamadou Zada, a \u00e9t\u00e9 entendu le 19 avril dernier par un juge d\u2019instruction du p\u00f4le \u00e9conomique et financier du Tribunal de grande instance hors classe de Niamey puis \u00e9crou\u00e9 \u00e0 la prison de [\u2026]<\/p>\n<p>L\u2019article <a rel=\"nofollow\" href=\"https:\/\/lepays.bf\/incarceration-du-ministre-nigerien-de-la-communication-mahamadou-zada-rattrape-par-ses-errements\/\">INCARCERATION DU MINISTRE NIGERIEN DE LA COMMUNICATION : Mahamadou Zada rattrap\u00e9 par ses errements<\/a> est apparu en premier sur <a rel=\"nofollow\" href=\"https:\/\/lepays.bf\/\">Editions Le Pays<\/a>.<\/p>\n<\/div>\n<p>Auteur: Editions LEPAYS<br \/>\n<a href=\"https:\/\/lepays.bf\/incarceration-du-ministre-nigerien-de-la-communication-mahamadou-zada-rattrape-par-ses-errements\/\">Cliquez ici pour lire l&rsquo;article depuis sa source.<\/a><\/p>\n","protected":false},"excerpt":{"rendered":"<p>Le ministre nig\u00e9rien de la Communication et des relations avec les institutions, Mahamadou Zada, a \u00e9t\u00e9 entendu le 19 avril dernier par un juge d\u2019instruction du p\u00f4le \u00e9conomique et financier du Tribunal de grande instance hors classe de Niamey puis \u00e9crou\u00e9 \u00e0 la prison de [\u2026] L\u2019article INCARCERATION DU MINISTRE NIGERIEN DE LA COMMUNICATION : [&hellip;]<\/p>\n","protected":false},"author":1813,"featured_media":0,"comment_status":"closed","ping_status":"closed","sticky":false,"template":"","format":"standard","meta":{"fifu_image_url":"https:\/\/lepays.bf\/wp-content\/uploads\/2022\/04\/niger.jpg","fifu_image_alt":"INCARCERATION DU MINISTRE NIGERIEN DE LA COMMUNICATION : Mahamadou Zada rattrap\u00e9 par ses errements","footnotes":""},"categories":[73,81],"tags":[],"class_list":["post-145967","post","type-post","status-publish","format-standard","hentry","category-actualite","category-burkina-faso"],"_links":{"self":[{"href":"https:\/\/linitiative.ca\/International\/wp-json\/wp\/v2\/posts\/145967","targetHints":{"allow":["GET"]}}],"collection":[{"href":"https:\/\/linitiative.ca\/International\/wp-json\/wp\/v2\/posts"}],"about":[{"href":"https:\/\/linitiative.ca\/International\/wp-json\/wp\/v2\/types\/post"}],"author":[{"embeddable":true,"href":"https:\/\/linitiative.ca\/International\/wp-json\/wp\/v2\/users\/1813"}],"replies":[{"embeddable":true,"href":"https:\/\/linitiative.ca\/International\/wp-json\/wp\/v2\/comments?post=145967"}],"version-history":[{"count":0,"href":"https:\/\/linitiative.ca\/International\/wp-json\/wp\/v2\/posts\/145967\/revisions"}],"wp:attachment":[{"href":"https:\/\/linitiative.ca\/International\/wp-json\/wp\/v2\/media?parent=145967"}],"wp:term":[{"taxonomy":"category","embeddable":true,"href":"https:\/\/linitiative.ca\/International\/wp-json\/wp\/v2\/categories?post=145967"},{"taxonomy":"post_tag","embeddable":true,"href":"https:\/\/linitiative.ca\/International\/wp-json\/wp\/v2\/tags?post=145967"}],"curies":[{"name":"wp","href":"https:\/\/api.w.org\/{rel}","templated":true}]}}