{"id":145969,"date":"2022-04-20T16:07:27","date_gmt":"2022-04-20T20:07:27","guid":{"rendered":"https:\/\/linitiative.ca\/International\/debat-macron-le-pen-vu-dafrique-lexercice-peut-et-doit-sappliquer-aux-candidats-africains\/"},"modified":"2022-04-20T16:07:27","modified_gmt":"2022-04-20T20:07:27","slug":"debat-macron-le-pen-vu-dafrique-lexercice-peut-et-doit-sappliquer-aux-candidats-africains","status":"publish","type":"post","link":"https:\/\/linitiative.ca\/International\/debat-macron-le-pen-vu-dafrique-lexercice-peut-et-doit-sappliquer-aux-candidats-africains\/","title":{"rendered":"DEBAT MACRON-LE PEN VU D\u2019AFRIQUE : L\u2019exercice peut et doit s\u2019appliquer aux candidats africains"},"content":{"rendered":"<div>\n<p><img decoding=\"async\" width=\"1136\" height=\"757\" src=\"https:\/\/linitiative.ca\/International\/wp-content\/uploads\/sites\/23\/2022\/04\/debat.jpg\" class=\"attachment- size- wp-post-image\" alt=\"\" loading=\"lazy\" style=\"float:left; margin:0 15px 15px 0;\" srcset=\"https:\/\/linitiative.ca\/International\/wp-content\/uploads\/sites\/23\/2022\/04\/debat.jpg 1136w, https:\/\/lepays.bf\/wp-content\/uploads\/2022\/04\/debat-300x200.jpg 300w, https:\/\/lepays.bf\/wp-content\/uploads\/2022\/04\/debat-1024x682.jpg 1024w, https:\/\/lepays.bf\/wp-content\/uploads\/2022\/04\/debat-150x100.jpg 150w, https:\/\/lepays.bf\/wp-content\/uploads\/2022\/04\/debat-768x512.jpg 768w, https:\/\/lepays.bf\/wp-content\/uploads\/2022\/04\/debat-128x86.jpg 128w\" sizes=\"auto, (max-width: 1136px) 100vw, 1136px\">Emmanuel Macron et Marine Le Pen, les deux finalistes de l\u2019\u00e9lection pr\u00e9sidentielle de 2022, \u00e9taient face \u00e0 face, le 20 avril 2022. Un d\u00e9bat t\u00e9l\u00e9vis\u00e9 de l\u2019entre-deux-tours du scrutin, \u00e0 l\u2019issue duquel les \u00e9lecteurs encore ind\u00e9cis, se r\u00e9soudront enfin \u00e0 donner leur suffrage, le 24 [\u2026]<\/p>\n<p>L\u2019article <a rel=\"nofollow\" href=\"https:\/\/lepays.bf\/debat-macron-le-pen-vu-dafrique-lexercice-peut-et-doit-sappliquer-aux-candidats-africains\/\">DEBAT MACRON-LE PEN VU D\u2019AFRIQUE : L\u2019exercice peut et doit s\u2019appliquer aux candidats africains<\/a> est apparu en premier sur <a rel=\"nofollow\" href=\"https:\/\/lepays.bf\/\">Editions Le Pays<\/a>.<\/p>\n<\/div>\n<p>Auteur: Editions LEPAYS<br \/>\n<a href=\"https:\/\/lepays.bf\/debat-macron-le-pen-vu-dafrique-lexercice-peut-et-doit-sappliquer-aux-candidats-africains\/\">Cliquez ici pour lire l&rsquo;article depuis sa source.<\/a><\/p>\n","protected":false},"excerpt":{"rendered":"<p>Emmanuel Macron et Marine Le Pen, les deux finalistes de l\u2019\u00e9lection pr\u00e9sidentielle de 2022, \u00e9taient face \u00e0 face, le 20 avril 2022. Un d\u00e9bat t\u00e9l\u00e9vis\u00e9 de l\u2019entre-deux-tours du scrutin, \u00e0 l\u2019issue duquel les \u00e9lecteurs encore ind\u00e9cis, se r\u00e9soudront enfin \u00e0 donner leur suffrage, le 24 [\u2026] L\u2019article DEBAT MACRON-LE PEN VU D\u2019AFRIQUE : L\u2019exercice peut [&hellip;]<\/p>\n","protected":false},"author":1813,"featured_media":0,"comment_status":"closed","ping_status":"closed","sticky":false,"template":"","format":"standard","meta":{"fifu_image_url":"https:\/\/lepays.bf\/wp-content\/uploads\/2022\/04\/debat.jpg","fifu_image_alt":"DEBAT MACRON-LE PEN VU D\u2019AFRIQUE : L\u2019exercice peut et doit s\u2019appliquer aux candidats africains","footnotes":""},"categories":[73,81],"tags":[],"class_list":["post-145969","post","type-post","status-publish","format-standard","hentry","category-actualite","category-burkina-faso"],"_links":{"self":[{"href":"https:\/\/linitiative.ca\/International\/wp-json\/wp\/v2\/posts\/145969","targetHints":{"allow":["GET"]}}],"collection":[{"href":"https:\/\/linitiative.ca\/International\/wp-json\/wp\/v2\/posts"}],"about":[{"href":"https:\/\/linitiative.ca\/International\/wp-json\/wp\/v2\/types\/post"}],"author":[{"embeddable":true,"href":"https:\/\/linitiative.ca\/International\/wp-json\/wp\/v2\/users\/1813"}],"replies":[{"embeddable":true,"href":"https:\/\/linitiative.ca\/International\/wp-json\/wp\/v2\/comments?post=145969"}],"version-history":[{"count":0,"href":"https:\/\/linitiative.ca\/International\/wp-json\/wp\/v2\/posts\/145969\/revisions"}],"wp:attachment":[{"href":"https:\/\/linitiative.ca\/International\/wp-json\/wp\/v2\/media?parent=145969"}],"wp:term":[{"taxonomy":"category","embeddable":true,"href":"https:\/\/linitiative.ca\/International\/wp-json\/wp\/v2\/categories?post=145969"},{"taxonomy":"post_tag","embeddable":true,"href":"https:\/\/linitiative.ca\/International\/wp-json\/wp\/v2\/tags?post=145969"}],"curies":[{"name":"wp","href":"https:\/\/api.w.org\/{rel}","templated":true}]}}