{"id":145973,"date":"2022-04-20T06:37:42","date_gmt":"2022-04-20T10:37:42","guid":{"rendered":"https:\/\/linitiative.ca\/International\/mine-de-perkoa-8-personnes-absentes-depuis-linondation-du-16-avril\/"},"modified":"2022-04-20T06:37:42","modified_gmt":"2022-04-20T10:37:42","slug":"mine-de-perkoa-8-personnes-absentes-depuis-linondation-du-16-avril","status":"publish","type":"post","link":"https:\/\/linitiative.ca\/International\/mine-de-perkoa-8-personnes-absentes-depuis-linondation-du-16-avril\/","title":{"rendered":"Mine de Perkoa\u00a0: 8 personnes \u00ab\u00a0absentes\u00a0\u00bb depuis l\u2019inondation du 16 avril"},"content":{"rendered":"<div>\n<p>Six Burkinab\u00e8, un Tanzanien et un Zambien, travaillant dans la mine souterraine de la soci\u00e9t\u00e9 Nantou Mining de Perkoa dans le Sangui\u00e9, manquent \u00e0 l\u2019appel depuis l\u2019alerte d\u2019\u00e9vacuation apr\u00e8s l\u2019inondation du site le 16 avril dernier. L\u2019information est confirm\u00e9e par un communiqu\u00e9 sign\u00e9 du ministre des Mines et des Carri\u00e8res, Jean Alphonse Som\u00e9.<\/p>\n<p>Le communiqu\u00e9 pr\u00e9cise qu\u2019une op\u00e9ration de sauvetage est en cours avec le concours de la brigade des Sapeurs-pompiers de Koudougou, du g\u00e9nie militaire et de \u00ab\u00a0diff\u00e9rents partenaires\u00a0\u00bb.<\/p>\n<p>\u00ab\u00a0En tout \u00e9tat de cause, des dispositifs s\u00e9curitaires d\u2019une autonomie d\u2019au moins 10 jours existent dans les galeries et le minist\u00e8re des Mines et des Carri\u00e8res fonde l\u2019espoir qu\u2019ils s\u2019y sont r\u00e9fugi\u00e9s\u00a0\u00bb, indique le communiqu\u00e9 qui rassure les familles que le Minist\u00e8re suit avec la plus grande attention l\u2019\u00e9volution des op\u00e9rations de sauvetage.<\/p>\n<p><strong>Sidwaya.info<\/strong><\/p>\n<p>L\u2019article <a rel=\"nofollow\" href=\"https:\/\/www.sidwaya.info\/blog\/2022\/04\/20\/mine-de-perkoa-8-personnes-absentes-depuis-linondation-du-16-avril\/\">Mine de Perkoa\u00a0: 8 personnes \u00ab\u00a0absentes\u00a0\u00bb depuis l\u2019inondation du 16 avril<\/a> est apparu en premier sur <a rel=\"nofollow\" href=\"https:\/\/www.sidwaya.info\/\">Quotidien Sidwaya<\/a>.<\/p>\n<\/div>\n<p>Auteur: Wamini SIDWAYA<br \/>\n<a href=\"https:\/\/www.sidwaya.info\/blog\/2022\/04\/20\/mine-de-perkoa-8-personnes-absentes-depuis-linondation-du-16-avril\/?utm_source=rss&#038;utm_medium=rss&#038;utm_campaign=mine-de-perkoa-8-personnes-absentes-depuis-linondation-du-16-avril\">Cliquez ici pour lire l&rsquo;article depuis sa source.<\/a><\/p>\n","protected":false},"excerpt":{"rendered":"<p>Six Burkinab\u00e8, un Tanzanien et un Zambien, travaillant dans la mine souterraine de la soci\u00e9t\u00e9 Nantou Mining de Perkoa dans le Sangui\u00e9, manquent \u00e0 l\u2019appel depuis l\u2019alerte d\u2019\u00e9vacuation apr\u00e8s l\u2019inondation du site le 16 avril dernier. L\u2019information est confirm\u00e9e par un communiqu\u00e9 sign\u00e9 du ministre des Mines et des Carri\u00e8res, Jean Alphonse Som\u00e9. Le communiqu\u00e9 [&hellip;]<\/p>\n","protected":false},"author":1816,"featured_media":0,"comment_status":"closed","ping_status":"closed","sticky":false,"template":"","format":"standard","meta":{"fifu_image_url":"","fifu_image_alt":"","footnotes":""},"categories":[73,81],"tags":[],"class_list":["post-145973","post","type-post","status-publish","format-standard","hentry","category-actualite","category-burkina-faso"],"_links":{"self":[{"href":"https:\/\/linitiative.ca\/International\/wp-json\/wp\/v2\/posts\/145973","targetHints":{"allow":["GET"]}}],"collection":[{"href":"https:\/\/linitiative.ca\/International\/wp-json\/wp\/v2\/posts"}],"about":[{"href":"https:\/\/linitiative.ca\/International\/wp-json\/wp\/v2\/types\/post"}],"author":[{"embeddable":true,"href":"https:\/\/linitiative.ca\/International\/wp-json\/wp\/v2\/users\/1816"}],"replies":[{"embeddable":true,"href":"https:\/\/linitiative.ca\/International\/wp-json\/wp\/v2\/comments?post=145973"}],"version-history":[{"count":0,"href":"https:\/\/linitiative.ca\/International\/wp-json\/wp\/v2\/posts\/145973\/revisions"}],"wp:attachment":[{"href":"https:\/\/linitiative.ca\/International\/wp-json\/wp\/v2\/media?parent=145973"}],"wp:term":[{"taxonomy":"category","embeddable":true,"href":"https:\/\/linitiative.ca\/International\/wp-json\/wp\/v2\/categories?post=145973"},{"taxonomy":"post_tag","embeddable":true,"href":"https:\/\/linitiative.ca\/International\/wp-json\/wp\/v2\/tags?post=145973"}],"curies":[{"name":"wp","href":"https:\/\/api.w.org\/{rel}","templated":true}]}}