{"id":145975,"date":"2022-04-20T10:52:59","date_gmt":"2022-04-20T14:52:59","guid":{"rendered":"https:\/\/linitiative.ca\/International\/appel-a-projets-du-fdct-les-lignes-directrices-expliquees-aux-acteurs-culturels-de-la-boucle-du-mouhoun-et-du-centre-nord\/"},"modified":"2022-04-20T10:52:59","modified_gmt":"2022-04-20T14:52:59","slug":"appel-a-projets-du-fdct-les-lignes-directrices-expliquees-aux-acteurs-culturels-de-la-boucle-du-mouhoun-et-du-centre-nord","status":"publish","type":"post","link":"https:\/\/linitiative.ca\/International\/appel-a-projets-du-fdct-les-lignes-directrices-expliquees-aux-acteurs-culturels-de-la-boucle-du-mouhoun-et-du-centre-nord\/","title":{"rendered":"Appel \u00e0 projets du FDCT: Les lignes directrices expliqu\u00e9es aux acteurs culturels de la Boucle du Mouhoun et du Centre-Nord"},"content":{"rendered":"<div>\n<p><strong>Le Fonds de d\u00e9veloppement culturel et touristique (FDCT) va, du 19 au 26 avril 2022, \u00e0 la rencontre des acteurs culturels du Burkina Faso pour mieux les informer sur le deuxi\u00e8me appel \u00e0 projets dans le cadre de la mise en \u0153uvre du Programme d\u2019appui aux Industries cr\u00e9atives et \u00e0 la \u00a0Gouvernance de la culture (PAIC GC).<\/strong><\/p>\n<p>Depuis le 31 mars 2022, le Fonds de d\u00e9veloppement culturel et touristique (FDCT) a lanc\u00e9 son deuxi\u00e8me appel \u00e0 projets dans le cadre de la mise en \u0153uvre du Programme d\u2019appui aux Industries cr\u00e9atives et \u00e0 la\u00a0 Gouvernance de la culture (PAIC GC). Un projet financ\u00e9 par l\u2019Union europ\u00e9enne(UE) \u00e0 hauteur de plus de deux milliards de FCFA. Pour mieux informer les acteurs culturels et touristiques et les inciter \u00a0\u00e0 d\u00e9poser leurs projets pour financement, le FDCT se d\u00e9ploie, du 19 au 26 avril 2022, dans toutes les r\u00e9gions du Burkina Faso. Le mardi 19 avril dernier, des \u00a0\u00e9quipes du FDCT \u00e9taient \u00e0 Kaya (r\u00e9gion du Centre-Nord) et \u00e0 D\u00e9dougou (Boucle du Mouhoun). Aux acteurs culturels et touristiques du Centre-Nord,\u00a0 la directrice de l\u2019Analyse et du suivi-\u00e9valuation (DASE) du FDCT a pr\u00e9sent\u00e9 les fili\u00e8res concern\u00e9es par l\u2019appel \u00e0 projets, \u00e0 savoir\u00a0 le cin\u00e9ma et audiovisuel, les arts de la sc\u00e8ne et les arts plastiques et appliqu\u00e9s. Et d\u2019ajouter que les projets \u00e0 financer doivent porter sur la production d\u2019\u0153uvres cin\u00e9matographiques et audiovisuelles, la production d\u2019\u0153uvres artistiques et culturelles dans les domaines des arts de la sc\u00e8ne et des arts plastiques et appliqu\u00e9s, la mise en march\u00e9 des biens et services artistiques et culturels et le renforcement des capacit\u00e9s professionnelles et op\u00e9rationnelles des acteurs des fili\u00e8res cibl\u00e9es.<\/p>\n<p><em>Une subvention de 39 millions maximum par projet<\/em><\/p>\n<figure id=\"attachment_48352\" aria-describedby=\"caption-attachment-48352\" style=\"width: 800px\" class=\"wp-caption alignnone\"><img loading=\"lazy\" decoding=\"async\" class=\"wp-image-48352 size-full\" src=\"https:\/\/linitiative.ca\/International\/wp-content\/uploads\/sites\/23\/2022\/04\/2-21.jpg\" alt=\"\" width=\"800\" height=\"800\" srcset=\"https:\/\/linitiative.ca\/International\/wp-content\/uploads\/sites\/23\/2022\/04\/2-21.jpg 800w, https:\/\/www.sidwaya.info\/wp-content\/uploads\/2022\/04\/2-21-300x300.jpg 300w, https:\/\/www.sidwaya.info\/wp-content\/uploads\/2022\/04\/2-21-150x150.jpg 150w, https:\/\/www.sidwaya.info\/wp-content\/uploads\/2022\/04\/2-21-768x768.jpg 768w, https:\/\/www.sidwaya.info\/wp-content\/uploads\/2022\/04\/2-21-696x696.jpg 696w, https:\/\/www.sidwaya.info\/wp-content\/uploads\/2022\/04\/2-21-420x420.jpg 420w\" sizes=\"auto, (max-width: 800px) 100vw, 800px\"><figcaption id=\"caption-attachment-48352\" class=\"wp-caption-text\">Le contr\u00f4leur de gestion au FDCT, Jean Pierre Bado<\/figcaption><\/figure>\n<p>Pour ce deuxi\u00e8me appel \u00e0 projets, \u00a0le montant des subventions varie de \u00a010 \u00e0 39 millions de francs CFA. Lorsqu\u2019un projet est retenu, a-t-elle fait savoir, le promoteur doit s\u2019acquitter d\u2019un apport personnel (co-financement) d\u2019au moins 15% du co\u00fbt total du projet et de frais de dossier \u00e0 hauteur de 1% du montant de la subvention accord\u00e9e par le FDCT.\u00a0<em>\u00abJ\u2019invite tout le monde \u00e0 prendre part \u00e0 ces appels \u00e0 projets, parce que le FDCT aide vraiment tous les promoteurs culturels qui remplissent toutes les conditions \u00e9dict\u00e9es. J\u2019ai d\u00e9j\u00e0 b\u00e9n\u00e9fici\u00e9 de financement de mes projets \u00e0 travers ce fonds. Le FDCT est vraiment tr\u00e8s flexible\u00bb, <\/em>a d\u00e9clar\u00e9 l\u2019administrateur g\u00e9n\u00e9ral du complexe touristique et h\u00f4telier Yaogu\u00e9ta de Korsimoro, Eric Ou\u00e9draogo. A D\u00e9dougou, les repr\u00e9sentants du FDCT ont, via des informations sur les lignes directrices du PAIC GC, conseill\u00e9 aux acteurs culturels et touristiques de la r\u00e9gion de la Boucle du Mouhoun de monter des projets innovants dans les fili\u00e8res du cin\u00e9ma et l\u2019audiovisuel, des Arts de la sc\u00e8ne et des Arts plastiques et appliqu\u00e9s. \u00a0 Selon le contr\u00f4leur de gestion au Fonds de d\u00e9veloppement culturel et touristique, Jean Pierre Bado, le PAIC GC subventionne les projets port\u00e9s par les entreprises, les associations, les coop\u00e9ratives ou les groupements d\u2019int\u00e9r\u00eat \u00e9conomique. Et de pr\u00e9ciser que ce programme\u00a0 intervient aussi dans le renforcement des capacit\u00e9s professionnelles et op\u00e9rationnelles des acteurs, en plus du financement \u00a0de la production d\u2019\u0153uvres culturelles et de la mise sur le march\u00e9 des biens et services artistiques et culturels. Pour le coordonnateur de la F\u00e9d\u00e9ration des fili\u00e8res Arts plastiques et appliqu\u00e9s de la Boucle du Mouhoun, Abdou Tiama, cette rencontre permettra aux acteurs de la r\u00e9gion de comprendre les proc\u00e9dures du PAIC GC afin de bien postuler au pr\u00e9sent appel \u00e0 projets. Les dossiers sont re\u00e7us au si\u00e8ge du FDCT jusqu\u2019au 1<sup>er<\/sup>\u00a0 juin 2022.<\/p>\n<p><strong>Alassane KERE<\/strong><\/p>\n<p>L\u2019article <a rel=\"nofollow\" href=\"https:\/\/www.sidwaya.info\/blog\/2022\/04\/20\/appel-a-projets-du-fdct-les-lignes-directrices-expliquees-aux-acteurs-culturels-de-la-boucle-du-mouhoun-et-du-nord\/\">Appel \u00e0 projets du FDCT: Les lignes directrices expliqu\u00e9es aux acteurs culturels de la Boucle du Mouhoun et du Centre-Nord<\/a> est apparu en premier sur <a rel=\"nofollow\" href=\"https:\/\/www.sidwaya.info\/\">Quotidien Sidwaya<\/a>.<\/p>\n<\/div>\n<p>Auteur: BS. Sidwaya<br \/>\n<a href=\"https:\/\/www.sidwaya.info\/blog\/2022\/04\/20\/appel-a-projets-du-fdct-les-lignes-directrices-expliquees-aux-acteurs-culturels-de-la-boucle-du-mouhoun-et-du-nord\/?utm_source=rss&#038;utm_medium=rss&#038;utm_campaign=appel-a-projets-du-fdct-les-lignes-directrices-expliquees-aux-acteurs-culturels-de-la-boucle-du-mouhoun-et-du-nord\">Cliquez ici pour lire l&rsquo;article depuis sa source.<\/a><\/p>\n","protected":false},"excerpt":{"rendered":"<p>Le Fonds de d\u00e9veloppement culturel et touristique (FDCT) va, du 19 au 26 avril 2022, \u00e0 la rencontre des acteurs culturels du Burkina Faso pour mieux les informer sur le deuxi\u00e8me appel \u00e0 projets dans le cadre de la mise en \u0153uvre du Programme d\u2019appui aux Industries cr\u00e9atives et \u00e0 la \u00a0Gouvernance de la culture [&hellip;]<\/p>\n","protected":false},"author":1816,"featured_media":0,"comment_status":"closed","ping_status":"closed","sticky":false,"template":"","format":"standard","meta":{"fifu_image_url":"https:\/\/www.sidwaya.info\/wp-content\/uploads\/2022\/04\/2-21.jpg","fifu_image_alt":"Appel \u00e0 projets du FDCT: Les lignes directrices expliqu\u00e9es aux acteurs culturels de la Boucle du Mouhoun et du Centre-Nord","footnotes":""},"categories":[73,81],"tags":[],"class_list":["post-145975","post","type-post","status-publish","format-standard","hentry","category-actualite","category-burkina-faso"],"_links":{"self":[{"href":"https:\/\/linitiative.ca\/International\/wp-json\/wp\/v2\/posts\/145975","targetHints":{"allow":["GET"]}}],"collection":[{"href":"https:\/\/linitiative.ca\/International\/wp-json\/wp\/v2\/posts"}],"about":[{"href":"https:\/\/linitiative.ca\/International\/wp-json\/wp\/v2\/types\/post"}],"author":[{"embeddable":true,"href":"https:\/\/linitiative.ca\/International\/wp-json\/wp\/v2\/users\/1816"}],"replies":[{"embeddable":true,"href":"https:\/\/linitiative.ca\/International\/wp-json\/wp\/v2\/comments?post=145975"}],"version-history":[{"count":0,"href":"https:\/\/linitiative.ca\/International\/wp-json\/wp\/v2\/posts\/145975\/revisions"}],"wp:attachment":[{"href":"https:\/\/linitiative.ca\/International\/wp-json\/wp\/v2\/media?parent=145975"}],"wp:term":[{"taxonomy":"category","embeddable":true,"href":"https:\/\/linitiative.ca\/International\/wp-json\/wp\/v2\/categories?post=145975"},{"taxonomy":"post_tag","embeddable":true,"href":"https:\/\/linitiative.ca\/International\/wp-json\/wp\/v2\/tags?post=145975"}],"curies":[{"name":"wp","href":"https:\/\/api.w.org\/{rel}","templated":true}]}}