{"id":145980,"date":"2022-04-20T12:05:26","date_gmt":"2022-04-20T16:05:26","guid":{"rendered":"https:\/\/linitiative.ca\/International\/cameroun-affaire-fecafoot-ag-2009-le-tas-se-prononcera-le-31-mai-2022\/"},"modified":"2022-04-20T12:05:26","modified_gmt":"2022-04-20T16:05:26","slug":"cameroun-affaire-fecafoot-ag-2009-le-tas-se-prononcera-le-31-mai-2022","status":"publish","type":"post","link":"https:\/\/linitiative.ca\/International\/cameroun-affaire-fecafoot-ag-2009-le-tas-se-prononcera-le-31-mai-2022\/","title":{"rendered":"Cameroun-Affaire Fecafoot-AG 2009 : le TAS se prononcera le 31 mai 2022"},"content":{"rendered":"<div>\n<p><img decoding=\"async\" width=\"4096\" height=\"4096\" src=\"https:\/\/linitiative.ca\/International\/wp-content\/uploads\/sites\/23\/2022\/04\/CollageMaker_20210901_160200359.jpg\" class=\"attachment-post-thumbnail size-post-thumbnail wp-post-image\" alt=\"\" loading=\"lazy\" srcset=\"https:\/\/linitiative.ca\/International\/wp-content\/uploads\/sites\/23\/2022\/04\/CollageMaker_20210901_160200359.jpg 4096w, https:\/\/www.journalducameroun.com\/wp-content\/uploads\/2021\/09\/CollageMaker_20210901_160200359-150x150.jpg 150w, https:\/\/www.journalducameroun.com\/wp-content\/uploads\/2021\/09\/CollageMaker_20210901_160200359-300x300.jpg 300w, https:\/\/www.journalducameroun.com\/wp-content\/uploads\/2021\/09\/CollageMaker_20210901_160200359-768x768.jpg 768w, https:\/\/www.journalducameroun.com\/wp-content\/uploads\/2021\/09\/CollageMaker_20210901_160200359-1024x1024.jpg 1024w, https:\/\/www.journalducameroun.com\/wp-content\/uploads\/2021\/09\/CollageMaker_20210901_160200359-440x440.jpg 440w, https:\/\/www.journalducameroun.com\/wp-content\/uploads\/2021\/09\/CollageMaker_20210901_160200359-60x60.jpg 60w, https:\/\/www.journalducameroun.com\/wp-content\/uploads\/2021\/09\/CollageMaker_20210901_160200359-100x100.jpg 100w, https:\/\/www.journalducameroun.com\/wp-content\/uploads\/2021\/09\/CollageMaker_20210901_160200359-600x600.jpg 600w\" sizes=\"auto, (max-width: 4096px) 100vw, 4096px\"><\/p>\n<h2 style=\"text-align: justify;\"><strong>Le Tribunal arbitral du sport (TAS) a indiqu\u00e9 dans une correspondance adress\u00e9e au secr\u00e9taire g\u00e9n\u00e9ral de la Fecafoot ce mercredi 20 avril que le verdict de l\u2019affaire qui les oppose \u00e0 l\u2019Assembl\u00e9e g\u00e9n\u00e9rale de 2009 sera rendu le 31 mai 2022.<\/strong><\/h2>\n<p style=\"text-align: justify;\">L\u2019affaire pendant au Tribunal arbitral du sport (TAS) en Suisse qui oppose depuis pr\u00e8s d\u2019une d\u00e9cennie, la F\u00e9d\u00e9ration camerounaise de football (Fecafoot) \u00e0 son Assembl\u00e9e g\u00e9n\u00e9rale de 2009, vient de conna\u00eetre un nouveau rebondissement. Sens\u00e9e rendre la sentence ce 21 avril 2022 dans l&rsquo;affaire concernant la F\u00e9cafoot repr\u00e9sent\u00e9e aujourd&rsquo;hui par Me Elame Bonny Privat contre les membres de l&rsquo;AG de 2009, le TAS se prononcera finalement le 31 mai 2022.<\/p>\n<p style=\"text-align: justify;\">Pour rappel, la partie adverse avait demand\u00e9 du temps de la pr\u00e9sidence de Seidou Mbombo Njoya l&rsquo;annulation des d\u00e9cisions prises lors de l&rsquo;AG du 18 juillet 2021 dont le processus \u00e9lectoral qui en a d\u00e9coul\u00e9 apr\u00e8s a abouti \u00e0 l&rsquo;\u00e9lection de l&rsquo;actuel comit\u00e9 ex\u00e9cutif de la Fecafoot.<\/p>\n<p style=\"text-align: justify;\"><strong>L\u2019int\u00e9gralit\u00e9 de la correspondance du Tas<\/strong><\/p>\n<p style=\"text-align: justify;\">Concerne: TAS 2021\/A\/8338 F\u00e9d\u00e9ration Camerounaise de Football (FECAFOOT) . Comit\u00e9 National<\/p>\n<p style=\"text-align: justify;\">Olympique et Sportif du Cameroun (CNOSC) &amp; Henri Claude Balla Ongolo et consorts<\/p>\n<p style=\"text-align: justify;\">Madame, Monsieur, chers Confr\u00e8res,<\/p>\n<p style=\"text-align: justify;\">Par la pr\u00e9sente, j&rsquo;accuse r\u00e9ception des courriers de Elame Bonny Privat des 7, 14 et 18 avril 2022, ainsi que de ses emails du 19 avril 2022, dont copies sont jointes \u00e0 la pr\u00e9sente.<\/p>\n<p style=\"text-align: justify;\">Les procurations produites \u00e0 l&rsquo;appui des emails du 19 avril 2022 peuvent \u00eatre t\u00e9l\u00e9charg\u00e9es au moyen du lien Wetranster figurant dans lesdits emails<\/p>\n<p style=\"text-align: justify;\">Je note que Me Elame Bonny Privat repr\u00e9sente d\u00e9sormais la majorit\u00e9 des seconds intim\u00e9s, lesquels ont exprim\u00e9 la volont\u00e9 de se retirer de la pr\u00e9sente proc\u00e9dure. Au nom de l&rsquo;Arbitre unique, j\u2019invite les parties \u00e0 se d\u00e9terminer sur le courrier de Me Elame Bonny Privat d&rsquo;ici au 27 avril 2022.<\/p>\n<p style=\"text-align: justify;\">Enfin, au nom de la Pr\u00e9sidente suppl\u00e9ante de la Chambre arbitrale d&rsquo;appel du TAS, je vous informe que le d\u00e9lai pr\u00e9vu \u00e0 l&rsquo;article RS9 du Code de l&rsquo;arbitrage en mati\u00e8re de sport a \u00e9t\u00e9 prolonge au 31mai 2022<\/p>\n<p style=\"text-align: justify;\">Je me tiens volontiers \u00e0 votre disposition pour tout renseignement compl\u00e9mentaire et vous prie de croire, Madame, Monsieur, chers Confr\u00e8res, \u00e0 l&rsquo;assurance de ma consid\u00e9ration distingu\u00e9e.<\/p>\n<p>Cet article <a rel=\"nofollow\" href=\"https:\/\/www.journalducameroun.com\/cameroun-affaire-fecafoot-ag-2009-le-tas-se-prononcera-le-31-mai-2022\/\">Cameroun-Affaire Fecafoot-AG 2009 : le TAS se prononcera le 31 mai 2022<\/a> est apparu en premier sur <a rel=\"nofollow\" href=\"https:\/\/www.journalducameroun.com\/\">Journal du Cameroun<\/a>.<\/p>\n<\/div>\n<p>Auteur: Emile Zola Nd\u00e9 Tchoussi<br \/>\n<a href=\"https:\/\/www.journalducameroun.com\/cameroun-affaire-fecafoot-ag-2009-le-tas-se-prononcera-le-31-mai-2022\/\">Cliquez ici pour lire l&rsquo;article depuis sa source.<\/a><\/p>\n","protected":false},"excerpt":{"rendered":"<p>Le Tribunal arbitral du sport (TAS) a indiqu\u00e9 dans une correspondance adress\u00e9e au secr\u00e9taire g\u00e9n\u00e9ral de la Fecafoot ce mercredi 20 avril que le verdict de l\u2019affaire qui les oppose \u00e0 l\u2019Assembl\u00e9e g\u00e9n\u00e9rale de 2009 sera rendu le 31 mai 2022. L\u2019affaire pendant au Tribunal arbitral du sport (TAS) en Suisse qui oppose depuis pr\u00e8s [&hellip;]<\/p>\n","protected":false},"author":1965,"featured_media":0,"comment_status":"closed","ping_status":"closed","sticky":false,"template":"","format":"standard","meta":{"fifu_image_url":"https:\/\/www.journalducameroun.com\/wp-content\/uploads\/2021\/09\/CollageMaker_20210901_160200359.jpg","fifu_image_alt":"Cameroun-Affaire Fecafoot-AG 2009 : le TAS se prononcera le 31 mai 2022","footnotes":""},"categories":[73,82],"tags":[],"class_list":["post-145980","post","type-post","status-publish","format-standard","hentry","category-actualite","category-cameroun"],"_links":{"self":[{"href":"https:\/\/linitiative.ca\/International\/wp-json\/wp\/v2\/posts\/145980","targetHints":{"allow":["GET"]}}],"collection":[{"href":"https:\/\/linitiative.ca\/International\/wp-json\/wp\/v2\/posts"}],"about":[{"href":"https:\/\/linitiative.ca\/International\/wp-json\/wp\/v2\/types\/post"}],"author":[{"embeddable":true,"href":"https:\/\/linitiative.ca\/International\/wp-json\/wp\/v2\/users\/1965"}],"replies":[{"embeddable":true,"href":"https:\/\/linitiative.ca\/International\/wp-json\/wp\/v2\/comments?post=145980"}],"version-history":[{"count":0,"href":"https:\/\/linitiative.ca\/International\/wp-json\/wp\/v2\/posts\/145980\/revisions"}],"wp:attachment":[{"href":"https:\/\/linitiative.ca\/International\/wp-json\/wp\/v2\/media?parent=145980"}],"wp:term":[{"taxonomy":"category","embeddable":true,"href":"https:\/\/linitiative.ca\/International\/wp-json\/wp\/v2\/categories?post=145980"},{"taxonomy":"post_tag","embeddable":true,"href":"https:\/\/linitiative.ca\/International\/wp-json\/wp\/v2\/tags?post=145980"}],"curies":[{"name":"wp","href":"https:\/\/api.w.org\/{rel}","templated":true}]}}