{"id":145990,"date":"2022-04-20T07:28:20","date_gmt":"2022-04-20T11:28:20","guid":{"rendered":"https:\/\/linitiative.ca\/International\/la-beac-table-sur-une-hausse-de-la-production-dhuile-de-palme-au-2e-trimestre-2022\/"},"modified":"2022-04-20T07:28:20","modified_gmt":"2022-04-20T11:28:20","slug":"la-beac-table-sur-une-hausse-de-la-production-dhuile-de-palme-au-2e-trimestre-2022","status":"publish","type":"post","link":"https:\/\/linitiative.ca\/International\/la-beac-table-sur-une-hausse-de-la-production-dhuile-de-palme-au-2e-trimestre-2022\/","title":{"rendered":"La Beac table sur une hausse de la production d\u2019huile de palme au 2e\u00a0trimestre 2022"},"content":{"rendered":"<div>\n<p>La Banque des Etats de l\u2019Afrique centrale (Beac)), vient de rendre public son test pr\u00e9visionnel de conjoncture en zone Cemac au premier trimestre 2022, qui analyse \u00e9galement les perspectives \u00e9conomiques dans quelques fili\u00e8res dans les pays de la sous-r\u00e9gion pour le compte du 2e trimestre 2022. Dans le secteur agricole, l\u2019institution financi\u00e8re sous-r\u00e9gionale table sur des perspectives prometteuses en zone Cemac au deuxi\u00e8me trimestre 2022, en lien avec la p\u00e9riode des r\u00e9coltes au Cameroun et en Guin\u00e9e Equatoriale. Au Cameroun notamment, elle pr\u00e9voit une hausse de la production dans la fili\u00e8re huile de palme au cours des trois prochains mois, une p\u00e9riode propice \u00e0 l\u2019activit\u00e9 dans la fili\u00e8re, \u00ab en raison des bonnes conditions m\u00e9t\u00e9orologiques \u00bb, renseigne le document de 26 pages. Le second trimestre co\u00efncide en effet avec le retour des pluies favorable \u00e0 la culture des palmiers \u00e0 huile. Les bassins de production du palmier \u00e0 huile au Cameroun sont situ\u00e9s dans les localit\u00e9s de : Mbongo, Nkapa, Kienke, Eseka, Limb\u00e9, Idenau, Ed\u00e9a, Dizangu\u00e9 et Lob\u00e9.<\/p>\n<p><strong>Lire aussi : <a href=\"https:\/\/ecomatin.net\/le-cameroun-sappuie-sur-le-gabon-pour-securiser-des-stocks-dhuile-de-palme-sur-au-moins-3-mois\/\" target=\"_blank\" rel=\"noreferrer noopener\">Le Cameroun s\u2019appuie sur le Gabon pour s\u00e9curiser des stocks d\u2019huile de palme sur au moins 3 mois<\/a><\/strong><\/p>\n<p>D\u2019apr\u00e8s le groupe Socfin, dont la Soci\u00e9t\u00e9 camerounaise de palmeraies (Socapalm) est l\u2019une des filiales en Afrique, les localit\u00e9s susmentionn\u00e9es pr\u00e9sentent les conditions climatiques presqu\u2019id\u00e9ales pour le d\u00e9veloppement du palmier. \u00ab En effet, le palmier \u00e0 huile requiert une temp\u00e9rature moyenne optimale situ\u00e9e entre 24\u00b0C et 30\u00b0C. Des temp\u00e9ratures inf\u00e9rieures \u00e0 18\u00b0C ou sup\u00e9rieures \u00e0 34\u00b0C sont d\u00e9favorables \u00e0 son d\u00e9veloppement. C\u2019est une plante exigeante en eau et en soleil. Elle a besoin d\u2019un minimum de 1 800 mm de pluies bien r\u00e9parties tout au long de l\u2019ann\u00e9e. Elle supporte mal les saisons s\u00e8ches prolong\u00e9es de plus de 3 mois (plus de 1 800 heures) d\u2019ensoleillement par an \u00bb, renseigne le groupe sur son site internet. La Beac croit par ailleurs savoir que le renforcement de la s\u00e9curit\u00e9 au Sud-Ouest, l\u2019une des deux r\u00e9gions anglophone en proie \u00e0 l\u2019ins\u00e9curit\u00e9, qui abrite les installations de la Cameroon Development Corporation (CDC) et la Pamol Plantations, ainsi que la reprise de l\u2019activit\u00e9 dans certaines palmeraies de la CDC, devraient \u00e9galement am\u00e9liorer les perspectives de la fili\u00e8re.<\/p>\n<p><strong>Lire aussi : <a href=\"https:\/\/ecomatin.net\/le-cameroun-va-importer-143-000-tonnes-dhuile-de-palme-brute-en-2022\/\" target=\"_blank\" rel=\"noreferrer noopener\">Le Cameroun va importer 143 000 tonnes d\u2019huile de palme brute en 2022<\/a><\/strong><\/p>\n<p>Au demeurant, cette embellie de la production ne va pas directement garantir une hausse de la productivit\u00e9 dans les huileries, dont l\u2019activit\u00e9 va rester stable au cours du deuxi\u00e8me trimestre, rel\u00e8ve ce m\u00eame document. Ce contraste est justifi\u00e9 par une raret\u00e9 d\u2019intrants essentiels \u00e0 l\u2019instar de l\u2019huile de palme brute. La fili\u00e8re sera cependant en proie \u00e0 une hausse g\u00e9n\u00e9ralis\u00e9e des prix des huiles de palme, accentu\u00e9e par une explosion des taxes douani\u00e8res sur les mati\u00e8res premi\u00e8res \u00e0 l\u2019importation. En d\u00e9pit de cela, ces importations devraient augurer une reprise de la productivit\u00e9 sur la fin du trimestre.<\/p>\n<p><strong>Lire aussi : <a href=\"https:\/\/ecomatin.net\/cdc-une-deuxieme-usine-de-production-dhuile-de-palme-en-gestation-a-idenau\/\" target=\"_blank\" rel=\"noreferrer noopener\">CDC : une deuxi\u00e8me usine de production d\u2019huile de palme en gestation \u00e0 Idenau<\/a><\/strong><\/p>\n<p>En effet, le gouvernement camerounais a autoris\u00e9 les op\u00e9rateurs de la fili\u00e8re \u00e0 importer 143 000 tonnes d\u2019huile de palme brute en 2022, apr\u00e8s 80.000 tonnes en 2019, 70.000 tonnes en 2020 et 100.000 tonnes en 2021. Ceci alors que les raffineurs font part de grosses difficult\u00e9s sur le march\u00e9 en raison des perturbations caus\u00e9es dans le circuit d\u2019approvisionnement par la crise du coronavirus, cette quantit\u00e9 est cens\u00e9e r\u00e9duire significativement le d\u00e9ficit structurel national qui se situait jusque-l\u00e0 autour de 160.000 tonnes par an, mais qui devrait se creuser davantage du fait du rel\u00e8vement annonc\u00e9 de la demande industrielle qui, elle-m\u00eame, est tributaire de l\u2019augmentation des capacit\u00e9s de transformation des unit\u00e9s existantes et l\u2019entr\u00e9e en mati\u00e8re de nouvelles.<\/p>\n<p>L\u2019article <a rel=\"nofollow\" href=\"https:\/\/ecomatin.net\/la-beac-table-sur-une-hausse-de-la-production-n-dhuile-de-palme-au-2e-trimestre-2022\/\">La Beac table sur une hausse de la production d\u2019huile de palme au 2e\u00a0trimestre 2022<\/a> est apparu en premier sur <a rel=\"nofollow\" href=\"https:\/\/ecomatin.net\/\">EcoMatin<\/a>.<\/p>\n<\/div>\n<p>Auteur: Yannick KENNE<br \/>\n<a href=\"https:\/\/ecomatin.net\/la-beac-table-sur-une-hausse-de-la-production-n-dhuile-de-palme-au-2e-trimestre-2022\/\">Cliquez ici pour lire l&rsquo;article depuis sa source.<\/a><\/p>\n","protected":false},"excerpt":{"rendered":"<p>La Banque des Etats de l\u2019Afrique centrale (Beac)), vient de rendre public son test pr\u00e9visionnel de conjoncture en zone Cemac au premier trimestre 2022, qui analyse \u00e9galement les perspectives \u00e9conomiques dans quelques fili\u00e8res dans les pays de la sous-r\u00e9gion pour le compte du 2e trimestre 2022. Dans le secteur agricole, l\u2019institution financi\u00e8re sous-r\u00e9gionale table sur [&hellip;]<\/p>\n","protected":false},"author":1969,"featured_media":0,"comment_status":"closed","ping_status":"closed","sticky":false,"template":"","format":"standard","meta":{"fifu_image_url":"","fifu_image_alt":"","footnotes":""},"categories":[82,78],"tags":[],"class_list":["post-145990","post","type-post","status-publish","format-standard","hentry","category-cameroun","category-economie"],"_links":{"self":[{"href":"https:\/\/linitiative.ca\/International\/wp-json\/wp\/v2\/posts\/145990","targetHints":{"allow":["GET"]}}],"collection":[{"href":"https:\/\/linitiative.ca\/International\/wp-json\/wp\/v2\/posts"}],"about":[{"href":"https:\/\/linitiative.ca\/International\/wp-json\/wp\/v2\/types\/post"}],"author":[{"embeddable":true,"href":"https:\/\/linitiative.ca\/International\/wp-json\/wp\/v2\/users\/1969"}],"replies":[{"embeddable":true,"href":"https:\/\/linitiative.ca\/International\/wp-json\/wp\/v2\/comments?post=145990"}],"version-history":[{"count":0,"href":"https:\/\/linitiative.ca\/International\/wp-json\/wp\/v2\/posts\/145990\/revisions"}],"wp:attachment":[{"href":"https:\/\/linitiative.ca\/International\/wp-json\/wp\/v2\/media?parent=145990"}],"wp:term":[{"taxonomy":"category","embeddable":true,"href":"https:\/\/linitiative.ca\/International\/wp-json\/wp\/v2\/categories?post=145990"},{"taxonomy":"post_tag","embeddable":true,"href":"https:\/\/linitiative.ca\/International\/wp-json\/wp\/v2\/tags?post=145990"}],"curies":[{"name":"wp","href":"https:\/\/api.w.org\/{rel}","templated":true}]}}