{"id":146001,"date":"2022-04-21T11:07:00","date_gmt":"2022-04-21T15:07:00","guid":{"rendered":"https:\/\/linitiative.ca\/International\/covid-19-maroc-la-situation-epidemiologique-au-21-avril-2022-a-15h00\/"},"modified":"2022-04-21T11:07:00","modified_gmt":"2022-04-21T15:07:00","slug":"covid-19-maroc-la-situation-epidemiologique-au-21-avril-2022-a-15h00","status":"publish","type":"post","link":"https:\/\/linitiative.ca\/International\/covid-19-maroc-la-situation-epidemiologique-au-21-avril-2022-a-15h00\/","title":{"rendered":"Covid-19 \/ Maroc : La situation \u00e9pid\u00e9miologique au 21 avril 2022 \u00e0 15H00"},"content":{"rendered":"<div>\n<p><img decoding=\"async\" width=\"300\" height=\"153\" src=\"https:\/\/linitiative.ca\/International\/wp-content\/uploads\/sites\/23\/2022\/04\/coronavirus-covid19-300x153-1.jpg\" class=\"attachment-medium size-medium wp-post-image\" alt=\"\" loading=\"lazy\" srcset=\"https:\/\/linitiative.ca\/International\/wp-content\/uploads\/sites\/23\/2022\/04\/coronavirus-covid19-300x153-1.jpg 300w, https:\/\/aujourdhui.ma\/wp-content\/uploads\/2021\/07\/coronavirus-covid19-274x140.jpg 274w, https:\/\/aujourdhui.ma\/wp-content\/uploads\/2021\/07\/coronavirus-covid19.jpg 746w, https:\/\/aujourdhui.ma\/wp-content\/uploads\/2021\/07\/coronavirus-covid19-165x84.jpg 165w, https:\/\/aujourdhui.ma\/wp-content\/uploads\/2021\/07\/coronavirus-covid19-702x358.jpg 702w\" sizes=\"auto, (max-width: 300px) 100vw, 300px\"><\/p>\n<p>60 nouveaux cas soit un cumul de <span id=\"page3R_mcid125\" class=\"markedContent\"><span dir=\"ltr\" role=\"presentation\">1<\/span> <span dir=\"ltr\" role=\"presentation\">164<\/span> <span dir=\"ltr\" role=\"presentation\">567<\/span><\/span> cas \u00e0 ce jour.<br \/>\n91 gu\u00e9risons soit un cumul de <span id=\"page3R_mcid153\" class=\"markedContent\"><span dir=\"ltr\" role=\"presentation\">1<\/span> <span dir=\"ltr\" role=\"presentation\">148<\/span> <span dir=\"ltr\" role=\"presentation\">002<\/span><\/span> \u00e0 ce jour.<br \/>\nZ\u00e9ro d\u00e9c\u00e8s donc un cumul de 16 064 \u00e0 ce jour.<\/p>\n<p><span style=\"color: #ff0000;\"><strong>Nombre de personnes vaccin\u00e9es au 21 avril \u00e0 15H00<\/strong><\/span><\/p>\n<p>1\u00e8re dose :<strong> <span id=\"page3R_mcid103\" class=\"markedContent\"><span dir=\"ltr\" role=\"presentation\">24<\/span><\/span><span id=\"page3R_mcid104\" class=\"markedContent\"><\/span><span id=\"page3R_mcid105\" class=\"markedContent\"> <span dir=\"ltr\" role=\"presentation\">801<\/span><\/span><span id=\"page3R_mcid106\" class=\"markedContent\"> <span dir=\"ltr\" role=\"presentation\">687<\/span><\/span><br \/>\n<\/strong><\/p>\n<p>2\u00e8me dose :<strong> <span id=\"page3R_mcid96\" class=\"markedContent\"><span dir=\"ltr\" role=\"presentation\">23<\/span><\/span><span id=\"page3R_mcid97\" class=\"markedContent\"><\/span><span id=\"page3R_mcid98\" class=\"markedContent\"> <span dir=\"ltr\" role=\"presentation\">279<\/span><\/span><span id=\"page3R_mcid99\" class=\"markedContent\"> <span dir=\"ltr\" role=\"presentation\">075<\/span><\/span><br \/>\n<\/strong><\/p>\n<p>3\u00e8me dose :<strong> <span id=\"page3R_mcid89\" class=\"markedContent\"><span dir=\"ltr\" role=\"presentation\">6<\/span><\/span><span id=\"page3R_mcid90\" class=\"markedContent\"><\/span><span id=\"page3R_mcid91\" class=\"markedContent\"> <span dir=\"ltr\" role=\"presentation\">228<\/span><\/span><span id=\"page3R_mcid92\" class=\"markedContent\"> <span dir=\"ltr\" role=\"presentation\">046<\/span><\/span><\/strong><\/p>\n<p><img loading=\"lazy\" decoding=\"async\" class=\"aligncenter size-full wp-image-405831\" src=\"https:\/\/linitiative.ca\/International\/wp-content\/uploads\/sites\/23\/2022\/04\/coronavirus21042022_Page_1-scaled-1.jpg\" alt=\"\" width=\"1356\" height=\"2560\" srcset=\"https:\/\/linitiative.ca\/International\/wp-content\/uploads\/sites\/23\/2022\/04\/coronavirus21042022_Page_1-scaled-1.jpg 1356w, https:\/\/aujourdhui.ma\/wp-content\/uploads\/2022\/04\/coronavirus21042022_Page_1-159x300.jpg 159w, https:\/\/aujourdhui.ma\/wp-content\/uploads\/2022\/04\/coronavirus21042022_Page_1-542x1024.jpg 542w, https:\/\/aujourdhui.ma\/wp-content\/uploads\/2022\/04\/coronavirus21042022_Page_1-768x1450.jpg 768w, https:\/\/aujourdhui.ma\/wp-content\/uploads\/2022\/04\/coronavirus21042022_Page_1-813x1536.jpg 813w, https:\/\/aujourdhui.ma\/wp-content\/uploads\/2022\/04\/coronavirus21042022_Page_1-1085x2048.jpg 1085w\" sizes=\"auto, (max-width: 1356px) 100vw, 1356px\"> <img loading=\"lazy\" decoding=\"async\" class=\"aligncenter size-full wp-image-405832\" src=\"https:\/\/linitiative.ca\/International\/wp-content\/uploads\/sites\/23\/2022\/04\/coronavirus21042022_Page_2-scaled-1.jpg\" alt=\"\" width=\"1356\" height=\"2560\" srcset=\"https:\/\/linitiative.ca\/International\/wp-content\/uploads\/sites\/23\/2022\/04\/coronavirus21042022_Page_2-scaled-1.jpg 1356w, https:\/\/aujourdhui.ma\/wp-content\/uploads\/2022\/04\/coronavirus21042022_Page_2-159x300.jpg 159w, https:\/\/aujourdhui.ma\/wp-content\/uploads\/2022\/04\/coronavirus21042022_Page_2-542x1024.jpg 542w, https:\/\/aujourdhui.ma\/wp-content\/uploads\/2022\/04\/coronavirus21042022_Page_2-768x1450.jpg 768w, https:\/\/aujourdhui.ma\/wp-content\/uploads\/2022\/04\/coronavirus21042022_Page_2-813x1536.jpg 813w, https:\/\/aujourdhui.ma\/wp-content\/uploads\/2022\/04\/coronavirus21042022_Page_2-1085x2048.jpg 1085w\" sizes=\"auto, (max-width: 1356px) 100vw, 1356px\"> <img loading=\"lazy\" decoding=\"async\" class=\"aligncenter size-full wp-image-405833\" src=\"https:\/\/linitiative.ca\/International\/wp-content\/uploads\/sites\/23\/2022\/04\/coronavirus21042022_Page_3-scaled-1.jpg\" alt=\"\" width=\"1356\" height=\"2560\" srcset=\"https:\/\/linitiative.ca\/International\/wp-content\/uploads\/sites\/23\/2022\/04\/coronavirus21042022_Page_3-scaled-1.jpg 1356w, https:\/\/aujourdhui.ma\/wp-content\/uploads\/2022\/04\/coronavirus21042022_Page_3-159x300.jpg 159w, https:\/\/aujourdhui.ma\/wp-content\/uploads\/2022\/04\/coronavirus21042022_Page_3-542x1024.jpg 542w, https:\/\/aujourdhui.ma\/wp-content\/uploads\/2022\/04\/coronavirus21042022_Page_3-768x1450.jpg 768w, https:\/\/aujourdhui.ma\/wp-content\/uploads\/2022\/04\/coronavirus21042022_Page_3-813x1536.jpg 813w, https:\/\/aujourdhui.ma\/wp-content\/uploads\/2022\/04\/coronavirus21042022_Page_3-1085x2048.jpg 1085w\" sizes=\"auto, (max-width: 1356px) 100vw, 1356px\"><\/p>\n<\/div>\n<p>Auteur: ALM<br \/>\n<a href=\"https:\/\/aujourdhui.ma\/societe\/covid-19-maroc-la-situation-epidemiologique-au-21-avril-2022-a-15h00\">Cliquez ici pour lire l&rsquo;article depuis sa source.<\/a><\/p>\n","protected":false},"excerpt":{"rendered":"<p>60 nouveaux cas soit un cumul de 1 164 567 cas \u00e0 ce jour. 91 gu\u00e9risons soit un cumul de 1 148 002 \u00e0 ce jour. Z\u00e9ro d\u00e9c\u00e8s donc un cumul de 16 064 \u00e0 ce jour. Nombre de personnes vaccin\u00e9es au 21 avril \u00e0 15H00 1\u00e8re dose : 24 801 687 2\u00e8me dose : [&hellip;]<\/p>\n","protected":false},"author":1759,"featured_media":0,"comment_status":"closed","ping_status":"closed","sticky":false,"template":"","format":"standard","meta":{"fifu_image_url":"https:\/\/aujourdhui.ma\/wp-content\/uploads\/2021\/07\/coronavirus-covid19-300x153.jpg","fifu_image_alt":"Covid-19 \/ Maroc : La situation \u00e9pid\u00e9miologique au 21 avril 2022 \u00e0 15H00","footnotes":""},"categories":[73,54],"tags":[],"class_list":["post-146001","post","type-post","status-publish","format-standard","hentry","category-actualite","category-maroc"],"_links":{"self":[{"href":"https:\/\/linitiative.ca\/International\/wp-json\/wp\/v2\/posts\/146001","targetHints":{"allow":["GET"]}}],"collection":[{"href":"https:\/\/linitiative.ca\/International\/wp-json\/wp\/v2\/posts"}],"about":[{"href":"https:\/\/linitiative.ca\/International\/wp-json\/wp\/v2\/types\/post"}],"author":[{"embeddable":true,"href":"https:\/\/linitiative.ca\/International\/wp-json\/wp\/v2\/users\/1759"}],"replies":[{"embeddable":true,"href":"https:\/\/linitiative.ca\/International\/wp-json\/wp\/v2\/comments?post=146001"}],"version-history":[{"count":0,"href":"https:\/\/linitiative.ca\/International\/wp-json\/wp\/v2\/posts\/146001\/revisions"}],"wp:attachment":[{"href":"https:\/\/linitiative.ca\/International\/wp-json\/wp\/v2\/media?parent=146001"}],"wp:term":[{"taxonomy":"category","embeddable":true,"href":"https:\/\/linitiative.ca\/International\/wp-json\/wp\/v2\/categories?post=146001"},{"taxonomy":"post_tag","embeddable":true,"href":"https:\/\/linitiative.ca\/International\/wp-json\/wp\/v2\/tags?post=146001"}],"curies":[{"name":"wp","href":"https:\/\/api.w.org\/{rel}","templated":true}]}}