{"id":146013,"date":"2022-04-21T11:33:26","date_gmt":"2022-04-21T15:33:26","guid":{"rendered":"https:\/\/linitiative.ca\/International\/hausse-des-prix-akhannouch-appelle-a-la-mise-en-oeuvre-de-la-circulaire-09-2022\/"},"modified":"2022-04-21T11:33:26","modified_gmt":"2022-04-21T15:33:26","slug":"hausse-des-prix-akhannouch-appelle-a-la-mise-en-oeuvre-de-la-circulaire-09-2022","status":"publish","type":"post","link":"https:\/\/linitiative.ca\/International\/hausse-des-prix-akhannouch-appelle-a-la-mise-en-oeuvre-de-la-circulaire-09-2022\/","title":{"rendered":"Hausse des prix: Akhannouch appelle \u00e0 la mise en \u0153uvre de la circulaire 09\/2022"},"content":{"rendered":"<div>\n<div class=\"field field-name-body field-type-text-with-summary field-label-hidden\">\n<div class=\"field-items\">\n<div class=\"field-item even\" property=\"content:encoded\">\n<p>\u00a0Le Chef de gouvernement, Aziz Akhannouch, a appel\u00e9, jeudi \u00e0 Rabat, \u00e0 la mise en \u0153uvre de la circulaire 09\/2022 en vue d\u2019att\u00e9nuer l&rsquo;impact de la hausse des prix, conjugu\u00e9e \u00e0 une raret\u00e9 des mati\u00e8res premi\u00e8res sur les entreprises ayant conclu des transactions dans le cadre de commandes publiques.<\/p>\n<\/div>\n<\/div>\n<\/div>\n<\/div>\n<p>Auteur: mbasraoui<br \/>\n<a href=\"https:\/\/www.leconomiste.com\/flash-infos\/hausse-des-prix-akhannouch-appelle-la-mise-en-oeuvre-de-la-circulaire-09-2022\">Cliquez ici pour lire l&rsquo;article depuis sa source.<\/a><\/p>\n","protected":false},"excerpt":{"rendered":"<p>\u00a0Le Chef de gouvernement, Aziz Akhannouch, a appel\u00e9, jeudi \u00e0 Rabat, \u00e0 la mise en \u0153uvre de la circulaire 09\/2022 en vue d\u2019att\u00e9nuer l&rsquo;impact de la hausse des prix, conjugu\u00e9e \u00e0 une raret\u00e9 des mati\u00e8res premi\u00e8res sur les entreprises ayant conclu des transactions dans le cadre de commandes publiques. Auteur: mbasraoui Cliquez ici pour lire [&hellip;]<\/p>\n","protected":false},"author":1763,"featured_media":0,"comment_status":"closed","ping_status":"closed","sticky":false,"template":"","format":"standard","meta":{"fifu_image_url":"","fifu_image_alt":"","footnotes":""},"categories":[78,54],"tags":[],"class_list":["post-146013","post","type-post","status-publish","format-standard","hentry","category-economie","category-maroc"],"_links":{"self":[{"href":"https:\/\/linitiative.ca\/International\/wp-json\/wp\/v2\/posts\/146013","targetHints":{"allow":["GET"]}}],"collection":[{"href":"https:\/\/linitiative.ca\/International\/wp-json\/wp\/v2\/posts"}],"about":[{"href":"https:\/\/linitiative.ca\/International\/wp-json\/wp\/v2\/types\/post"}],"author":[{"embeddable":true,"href":"https:\/\/linitiative.ca\/International\/wp-json\/wp\/v2\/users\/1763"}],"replies":[{"embeddable":true,"href":"https:\/\/linitiative.ca\/International\/wp-json\/wp\/v2\/comments?post=146013"}],"version-history":[{"count":0,"href":"https:\/\/linitiative.ca\/International\/wp-json\/wp\/v2\/posts\/146013\/revisions"}],"wp:attachment":[{"href":"https:\/\/linitiative.ca\/International\/wp-json\/wp\/v2\/media?parent=146013"}],"wp:term":[{"taxonomy":"category","embeddable":true,"href":"https:\/\/linitiative.ca\/International\/wp-json\/wp\/v2\/categories?post=146013"},{"taxonomy":"post_tag","embeddable":true,"href":"https:\/\/linitiative.ca\/International\/wp-json\/wp\/v2\/tags?post=146013"}],"curies":[{"name":"wp","href":"https:\/\/api.w.org\/{rel}","templated":true}]}}