{"id":146019,"date":"2022-04-21T08:01:00","date_gmt":"2022-04-21T12:01:00","guid":{"rendered":"https:\/\/linitiative.ca\/International\/jean-paul-fitoussi-leconomiste-le-penseur-qui-nous-quitte\/"},"modified":"2022-04-21T08:01:00","modified_gmt":"2022-04-21T12:01:00","slug":"jean-paul-fitoussi-leconomiste-le-penseur-qui-nous-quitte","status":"publish","type":"post","link":"https:\/\/linitiative.ca\/International\/jean-paul-fitoussi-leconomiste-le-penseur-qui-nous-quitte\/","title":{"rendered":"Jean-Paul Fitoussi : l\u2019\u00e9conomiste, le penseur, qui nous quitte"},"content":{"rendered":"<div><img decoding=\"async\" src=\"https:\/\/linitiative.ca\/International\/wp-content\/uploads\/sites\/23\/2022\/04\/1650538878_article.jpg\" alt=\"Jean-Paul Fitoussi : l\u2019\u00e9conomiste, le penseur, qui nous quitte\" align=\"left\">Par Mourad Daoud &#8211; C\u2019\u00e9tait un enfant de La Goulette, un de ceux qui ne l\u2019ont jamais quitt\u00e9e m\u00eame s\u2019ils ont gagn\u00e9 le monde. Jean-Paul Fitoussi, \u00e9conomiste de renom parmi les grands, n\u2019est plus. Il s\u2019est \u00e9teint vendredi 15 avril \u00e0 Paris, \u00e0 pr\u00e8s de 80 ans. \u00c9conomiste et penseur de la soci\u00e9t\u00e9, Docteur d\u2019Etat en sciences \u00e9conomiques et agr\u00e9g\u00e9, professeur \u00e0 Sciences Po, il avait pr\u00e9sid\u00e9 pendant vingt ans l\u2019Observatoire fran\u00e7ais des conjonctures \u00e9conomiques (OFCE).<br \/>\nDes Fitoussi, les plus anciens se rappelleront s\u00fbrement de Max, son grand-oncle, volleyeur international de l\u2019\u00e9quipe de Tunisie. Jean-Paul, lui, a brill\u00e9 dans le macrocosme de l\u2019\u00e9conomie &#8230;<\/p>\n<\/div>\n<p>Auteur:<br \/>\n<a href=\"https:\/\/www.leaders.com.tn\/article\/33267-jean-paul-fitoussi-l-economiste-le-penseur-qui-nous-quitte\">Cliquez ici pour lire l&rsquo;article depuis sa source.<\/a><\/p>\n","protected":false},"excerpt":{"rendered":"<p>Par Mourad Daoud &#8211; C\u2019\u00e9tait un enfant de La Goulette, un de ceux qui ne l\u2019ont jamais quitt\u00e9e m\u00eame s\u2019ils ont gagn\u00e9 le monde. Jean-Paul Fitoussi, \u00e9conomiste de renom parmi les grands, n\u2019est plus. Il s\u2019est \u00e9teint vendredi 15 avril \u00e0 Paris, \u00e0 pr\u00e8s de 80 ans. \u00c9conomiste et penseur de la soci\u00e9t\u00e9, Docteur d\u2019Etat [&hellip;]<\/p>\n","protected":false},"author":1772,"featured_media":0,"comment_status":"closed","ping_status":"closed","sticky":false,"template":"","format":"standard","meta":{"fifu_image_url":"http:\/\/www.leaders.com.tn\/uploads\/content\/thumbnails_small\/1650538878_article.jpg","fifu_image_alt":"Jean-Paul Fitoussi : l\u2019\u00e9conomiste, le penseur, qui nous quitte","footnotes":""},"categories":[73,55],"tags":[],"class_list":["post-146019","post","type-post","status-publish","format-standard","hentry","category-actualite","category-tunisie"],"_links":{"self":[{"href":"https:\/\/linitiative.ca\/International\/wp-json\/wp\/v2\/posts\/146019","targetHints":{"allow":["GET"]}}],"collection":[{"href":"https:\/\/linitiative.ca\/International\/wp-json\/wp\/v2\/posts"}],"about":[{"href":"https:\/\/linitiative.ca\/International\/wp-json\/wp\/v2\/types\/post"}],"author":[{"embeddable":true,"href":"https:\/\/linitiative.ca\/International\/wp-json\/wp\/v2\/users\/1772"}],"replies":[{"embeddable":true,"href":"https:\/\/linitiative.ca\/International\/wp-json\/wp\/v2\/comments?post=146019"}],"version-history":[{"count":0,"href":"https:\/\/linitiative.ca\/International\/wp-json\/wp\/v2\/posts\/146019\/revisions"}],"wp:attachment":[{"href":"https:\/\/linitiative.ca\/International\/wp-json\/wp\/v2\/media?parent=146019"}],"wp:term":[{"taxonomy":"category","embeddable":true,"href":"https:\/\/linitiative.ca\/International\/wp-json\/wp\/v2\/categories?post=146019"},{"taxonomy":"post_tag","embeddable":true,"href":"https:\/\/linitiative.ca\/International\/wp-json\/wp\/v2\/tags?post=146019"}],"curies":[{"name":"wp","href":"https:\/\/api.w.org\/{rel}","templated":true}]}}