{"id":146033,"date":"2022-04-21T17:08:36","date_gmt":"2022-04-21T21:08:36","guid":{"rendered":"https:\/\/linitiative.ca\/International\/meeting-dechange-de-bonnes-pratiques-entre-le-conseil-de-la-concurrence-le-groupe-maroc-industrie\/"},"modified":"2022-04-21T17:08:36","modified_gmt":"2022-04-21T21:08:36","slug":"meeting-dechange-de-bonnes-pratiques-entre-le-conseil-de-la-concurrence-le-groupe-maroc-industrie","status":"publish","type":"post","link":"https:\/\/linitiative.ca\/International\/meeting-dechange-de-bonnes-pratiques-entre-le-conseil-de-la-concurrence-le-groupe-maroc-industrie\/","title":{"rendered":"Meeting d\u2019\u00e9change de bonnes pratiques entre le Conseil de la Concurrence le Groupe Maroc Industrie"},"content":{"rendered":"<div><img decoding=\"async\" width=\"770\" height=\"616\" src=\"https:\/\/linitiative.ca\/International\/wp-content\/uploads\/sites\/23\/2022\/04\/Ahmed-Rahhou.jpeg\" class=\"attachment-post-thumbnail size-post-thumbnail wp-post-image\" alt=\"\" loading=\"lazy\" srcset=\"https:\/\/linitiative.ca\/International\/wp-content\/uploads\/sites\/23\/2022\/04\/Ahmed-Rahhou.jpeg 770w, https:\/\/www.challenge.ma\/wp-content\/uploads\/2021\/12\/Ahmed-Rahhou-300x240.jpeg 300w, https:\/\/www.challenge.ma\/wp-content\/uploads\/2021\/12\/Ahmed-Rahhou-768x614.jpeg 768w, https:\/\/www.challenge.ma\/wp-content\/uploads\/2021\/12\/Ahmed-Rahhou-360x288.jpeg 360w, https:\/\/www.challenge.ma\/wp-content\/uploads\/2021\/12\/Ahmed-Rahhou-750x600.jpeg 750w\" sizes=\"auto, (max-width: 770px) 100vw, 770px\" itemprop=\"image\">Le Conseil de la Concurrence a re\u00e7u, le mardi 19 avril 2022, en son si\u00e8ge \u00e0 Rabat, le Groupe Maroc Industrie (GMI) de la CGEM. Cette rencontre s\u2019inscrit dans le cadre de la dynamique d\u2019\u00e9change engag\u00e9e entre le Conseil de la Concurrence et la Conf\u00e9d\u00e9ration G\u00e9n\u00e9rale des Entreprises du Maroc<\/div>\n<p>Auteur: Mehdi Ouazzani<br \/>\n<a href=\"https:\/\/www.challenge.ma\/meeting-dechange-de-bonnes-pratiques-entre-le-conseil-de-la-concurrence-le-groupe-maroc-industrie-237225\/\">Cliquez ici pour lire l&rsquo;article depuis sa source.<\/a><\/p>\n","protected":false},"excerpt":{"rendered":"<p>Le Conseil de la Concurrence a re\u00e7u, le mardi 19 avril 2022, en son si\u00e8ge \u00e0 Rabat, le Groupe Maroc Industrie (GMI) de la CGEM. Cette rencontre s\u2019inscrit dans le cadre de la dynamique d\u2019\u00e9change engag\u00e9e entre le Conseil de la Concurrence et la Conf\u00e9d\u00e9ration G\u00e9n\u00e9rale des Entreprises du Maroc Auteur: Mehdi Ouazzani Cliquez ici [&hellip;]<\/p>\n","protected":false},"author":1787,"featured_media":0,"comment_status":"closed","ping_status":"closed","sticky":false,"template":"","format":"standard","meta":{"fifu_image_url":"https:\/\/www.challenge.ma\/wp-content\/uploads\/2021\/12\/Ahmed-Rahhou.jpeg","fifu_image_alt":"Meeting d\u2019\u00e9change de bonnes pratiques entre le Conseil de la Concurrence le Groupe Maroc Industrie","footnotes":""},"categories":[78,54],"tags":[],"class_list":["post-146033","post","type-post","status-publish","format-standard","hentry","category-economie","category-maroc"],"_links":{"self":[{"href":"https:\/\/linitiative.ca\/International\/wp-json\/wp\/v2\/posts\/146033","targetHints":{"allow":["GET"]}}],"collection":[{"href":"https:\/\/linitiative.ca\/International\/wp-json\/wp\/v2\/posts"}],"about":[{"href":"https:\/\/linitiative.ca\/International\/wp-json\/wp\/v2\/types\/post"}],"author":[{"embeddable":true,"href":"https:\/\/linitiative.ca\/International\/wp-json\/wp\/v2\/users\/1787"}],"replies":[{"embeddable":true,"href":"https:\/\/linitiative.ca\/International\/wp-json\/wp\/v2\/comments?post=146033"}],"version-history":[{"count":0,"href":"https:\/\/linitiative.ca\/International\/wp-json\/wp\/v2\/posts\/146033\/revisions"}],"wp:attachment":[{"href":"https:\/\/linitiative.ca\/International\/wp-json\/wp\/v2\/media?parent=146033"}],"wp:term":[{"taxonomy":"category","embeddable":true,"href":"https:\/\/linitiative.ca\/International\/wp-json\/wp\/v2\/categories?post=146033"},{"taxonomy":"post_tag","embeddable":true,"href":"https:\/\/linitiative.ca\/International\/wp-json\/wp\/v2\/tags?post=146033"}],"curies":[{"name":"wp","href":"https:\/\/api.w.org\/{rel}","templated":true}]}}