{"id":146035,"date":"2022-04-21T16:45:38","date_gmt":"2022-04-21T20:45:38","guid":{"rendered":"https:\/\/linitiative.ca\/International\/tunisie-ministere-des-technologies-de-la-communication-appel-a-participation-au-programme-de-transition-vers-lipv6-du-protocole-internet\/"},"modified":"2022-04-21T16:45:38","modified_gmt":"2022-04-21T20:45:38","slug":"tunisie-ministere-des-technologies-de-la-communication-appel-a-participation-au-programme-de-transition-vers-lipv6-du-protocole-internet","status":"publish","type":"post","link":"https:\/\/linitiative.ca\/International\/tunisie-ministere-des-technologies-de-la-communication-appel-a-participation-au-programme-de-transition-vers-lipv6-du-protocole-internet\/","title":{"rendered":"Tunisie-Minist\u00e8re des Technologies de la Communication : Appel \u00e0 participation au programme de transition vers l\u2019IPv6 du protocole Internet"},"content":{"rendered":"<div>\n<p>Le minist\u00e8re des Technologies de la communication a annonc\u00e9 aujourd\u2019hui, jeudi, dans un communiqu\u00e9, que toutes les structures publiques doivent s\u2019engager dans la tendance nationale du passage progressif \u00e0 l\u2019utilisation de la 6 \u00e8me version du protocole Internet IPv6. Le minist\u00e8re a expliqu\u00e9 avoir lanc\u00e9 depuis novembre 2021, la mise en \u0153uvre du programme national [\u2026]<\/p>\n<p>L\u2019article <a href=\"https:\/\/www.tunisienumerique.com\/tunisie-ministere-des-technologies-de-la-communication-appel-a-participation-au-programme-de-transition-vers-lipv6-du-protocole-internet\/\">Tunisie-Minist\u00e8re des Technologies de la Communication : Appel \u00e0 participation au programme de transition vers l\u2019IPv6 du protocole Internet<\/a> est apparu en premier sur <a href=\"https:\/\/www.tunisienumerique.com\/\">Tunisie<\/a>.<\/p>\n<\/div>\n<p>Auteur: rania ben slimane<br \/>\n<a href=\"https:\/\/www.tunisienumerique.com\/tunisie-ministere-des-technologies-de-la-communication-appel-a-participation-au-programme-de-transition-vers-lipv6-du-protocole-internet\/\">Cliquez ici pour lire l&rsquo;article depuis sa source.<\/a><\/p>\n","protected":false},"excerpt":{"rendered":"<p>Le minist\u00e8re des Technologies de la communication a annonc\u00e9 aujourd\u2019hui, jeudi, dans un communiqu\u00e9, que toutes les structures publiques doivent s\u2019engager dans la tendance nationale du passage progressif \u00e0 l\u2019utilisation de la 6 \u00e8me version du protocole Internet IPv6. Le minist\u00e8re a expliqu\u00e9 avoir lanc\u00e9 depuis novembre 2021, la mise en \u0153uvre du programme national [&hellip;]<\/p>\n","protected":false},"author":1789,"featured_media":0,"comment_status":"closed","ping_status":"closed","sticky":false,"template":"","format":"standard","meta":{"fifu_image_url":"","fifu_image_alt":"","footnotes":""},"categories":[73,55],"tags":[],"class_list":["post-146035","post","type-post","status-publish","format-standard","hentry","category-actualite","category-tunisie"],"_links":{"self":[{"href":"https:\/\/linitiative.ca\/International\/wp-json\/wp\/v2\/posts\/146035","targetHints":{"allow":["GET"]}}],"collection":[{"href":"https:\/\/linitiative.ca\/International\/wp-json\/wp\/v2\/posts"}],"about":[{"href":"https:\/\/linitiative.ca\/International\/wp-json\/wp\/v2\/types\/post"}],"author":[{"embeddable":true,"href":"https:\/\/linitiative.ca\/International\/wp-json\/wp\/v2\/users\/1789"}],"replies":[{"embeddable":true,"href":"https:\/\/linitiative.ca\/International\/wp-json\/wp\/v2\/comments?post=146035"}],"version-history":[{"count":0,"href":"https:\/\/linitiative.ca\/International\/wp-json\/wp\/v2\/posts\/146035\/revisions"}],"wp:attachment":[{"href":"https:\/\/linitiative.ca\/International\/wp-json\/wp\/v2\/media?parent=146035"}],"wp:term":[{"taxonomy":"category","embeddable":true,"href":"https:\/\/linitiative.ca\/International\/wp-json\/wp\/v2\/categories?post=146035"},{"taxonomy":"post_tag","embeddable":true,"href":"https:\/\/linitiative.ca\/International\/wp-json\/wp\/v2\/tags?post=146035"}],"curies":[{"name":"wp","href":"https:\/\/api.w.org\/{rel}","templated":true}]}}