{"id":146036,"date":"2022-04-21T16:53:08","date_gmt":"2022-04-21T20:53:08","guid":{"rendered":"https:\/\/linitiative.ca\/International\/kairouan-apres-14-ans-de-fermeture-reouverture-de-lusine-de-semoule\/"},"modified":"2022-04-21T16:53:08","modified_gmt":"2022-04-21T20:53:08","slug":"kairouan-apres-14-ans-de-fermeture-reouverture-de-lusine-de-semoule","status":"publish","type":"post","link":"https:\/\/linitiative.ca\/International\/kairouan-apres-14-ans-de-fermeture-reouverture-de-lusine-de-semoule\/","title":{"rendered":"Kairouan-Apr\u00e8s 14 ans de fermeture : R\u00e9ouverture de l\u2019usine de semoule"},"content":{"rendered":"<div>\n<p>Les autorit\u00e9s r\u00e9gionales et locales ont officiellement lanc\u00e9, aujourd\u2019hui, jeudi, la reprise d\u2019activit\u00e9 de l\u2019usine de semoule de Kairouan, apr\u00e8s sa fermeture depuis 2008, en coordination avec son propri\u00e9taire. Les administrations publiques et les entreprises priv\u00e9es ont \u00e9t\u00e9 exhort\u00e9es \u00e0 la raccorder au r\u00e9seau d\u2019\u00e9lectricit\u00e9 et d\u2019eau. Une soci\u00e9t\u00e9 \u00e9trang\u00e8re se chargera de l\u2019entretien des [\u2026]<\/p>\n<p>L\u2019article <a href=\"https:\/\/www.tunisienumerique.com\/kairouan-apres-14-ans-de-fermeture-reouverture-de-lusine-de-semoule\/\">Kairouan-Apr\u00e8s 14 ans de fermeture : R\u00e9ouverture de l\u2019usine de semoule<\/a> est apparu en premier sur <a href=\"https:\/\/www.tunisienumerique.com\/\">Tunisie<\/a>.<\/p>\n<\/div>\n<p>Auteur: rania ben slimane<br \/>\n<a href=\"https:\/\/www.tunisienumerique.com\/kairouan-apres-14-ans-de-fermeture-reouverture-de-lusine-de-semoule\/\">Cliquez ici pour lire l&rsquo;article depuis sa source.<\/a><\/p>\n","protected":false},"excerpt":{"rendered":"<p>Les autorit\u00e9s r\u00e9gionales et locales ont officiellement lanc\u00e9, aujourd\u2019hui, jeudi, la reprise d\u2019activit\u00e9 de l\u2019usine de semoule de Kairouan, apr\u00e8s sa fermeture depuis 2008, en coordination avec son propri\u00e9taire. Les administrations publiques et les entreprises priv\u00e9es ont \u00e9t\u00e9 exhort\u00e9es \u00e0 la raccorder au r\u00e9seau d\u2019\u00e9lectricit\u00e9 et d\u2019eau. Une soci\u00e9t\u00e9 \u00e9trang\u00e8re se chargera de l\u2019entretien des [&hellip;]<\/p>\n","protected":false},"author":1789,"featured_media":0,"comment_status":"closed","ping_status":"closed","sticky":false,"template":"","format":"standard","meta":{"fifu_image_url":"","fifu_image_alt":"","footnotes":""},"categories":[73,55],"tags":[],"class_list":["post-146036","post","type-post","status-publish","format-standard","hentry","category-actualite","category-tunisie"],"_links":{"self":[{"href":"https:\/\/linitiative.ca\/International\/wp-json\/wp\/v2\/posts\/146036","targetHints":{"allow":["GET"]}}],"collection":[{"href":"https:\/\/linitiative.ca\/International\/wp-json\/wp\/v2\/posts"}],"about":[{"href":"https:\/\/linitiative.ca\/International\/wp-json\/wp\/v2\/types\/post"}],"author":[{"embeddable":true,"href":"https:\/\/linitiative.ca\/International\/wp-json\/wp\/v2\/users\/1789"}],"replies":[{"embeddable":true,"href":"https:\/\/linitiative.ca\/International\/wp-json\/wp\/v2\/comments?post=146036"}],"version-history":[{"count":0,"href":"https:\/\/linitiative.ca\/International\/wp-json\/wp\/v2\/posts\/146036\/revisions"}],"wp:attachment":[{"href":"https:\/\/linitiative.ca\/International\/wp-json\/wp\/v2\/media?parent=146036"}],"wp:term":[{"taxonomy":"category","embeddable":true,"href":"https:\/\/linitiative.ca\/International\/wp-json\/wp\/v2\/categories?post=146036"},{"taxonomy":"post_tag","embeddable":true,"href":"https:\/\/linitiative.ca\/International\/wp-json\/wp\/v2\/tags?post=146036"}],"curies":[{"name":"wp","href":"https:\/\/api.w.org\/{rel}","templated":true}]}}