{"id":146037,"date":"2022-04-21T17:01:04","date_gmt":"2022-04-21T21:01:04","guid":{"rendered":"https:\/\/linitiative.ca\/International\/lnfp-declarations-des-responsables-du-ca-et-du-cs-chebba-audio\/"},"modified":"2022-04-21T17:01:04","modified_gmt":"2022-04-21T21:01:04","slug":"lnfp-declarations-des-responsables-du-ca-et-du-cs-chebba-audio","status":"publish","type":"post","link":"https:\/\/linitiative.ca\/International\/lnfp-declarations-des-responsables-du-ca-et-du-cs-chebba-audio\/","title":{"rendered":"LNFP : D\u00e9clarations des responsables du CA et du CS Chebba (Audio)"},"content":{"rendered":"<div>\n<p>Dans sa r\u00e9union de cet apr\u00e8s-midi, la LNFP a \u00e9cout\u00e9 les plaidoiries des deux parties dans l\u2019affaire qui oppose le\u00a0CS Chebba\u00a0et le\u00a0Club Africain. Voici les d\u00e9clarations des deux parties int\u00e9ress\u00e9es : \u2013 Rachid Zmerli (CA) \u2013 Mohamed Ben Brahem (Secr\u00e9taire g\u00e9n\u00e9ral CS Cgebba).<\/p>\n<p>L\u2019article <a href=\"https:\/\/sport.tunisienumerique.com\/lnfp-declarations-des-responsables-du-ca-et-du-cs-chebba-audio\/\">LNFP : D\u00e9clarations des responsables du CA et du CS Chebba (Audio)<\/a> est apparu en premier sur <a href=\"https:\/\/www.tunisienumerique.com\/\">Tunisie<\/a>.<\/p>\n<\/div>\n<p>Auteur: Hamza Ben Khlifa<br \/>\n<a href=\"https:\/\/sport.tunisienumerique.com\/lnfp-declarations-des-responsables-du-ca-et-du-cs-chebba-audio\/\">Cliquez ici pour lire l&rsquo;article depuis sa source.<\/a><\/p>\n","protected":false},"excerpt":{"rendered":"<p>Dans sa r\u00e9union de cet apr\u00e8s-midi, la LNFP a \u00e9cout\u00e9 les plaidoiries des deux parties dans l\u2019affaire qui oppose le\u00a0CS Chebba\u00a0et le\u00a0Club Africain. Voici les d\u00e9clarations des deux parties int\u00e9ress\u00e9es : \u2013 Rachid Zmerli (CA) \u2013 Mohamed Ben Brahem (Secr\u00e9taire g\u00e9n\u00e9ral CS Cgebba). L\u2019article LNFP : D\u00e9clarations des responsables du CA et du CS Chebba [&hellip;]<\/p>\n","protected":false},"author":1789,"featured_media":0,"comment_status":"closed","ping_status":"closed","sticky":false,"template":"","format":"standard","meta":{"fifu_image_url":"","fifu_image_alt":"","footnotes":""},"categories":[73,55],"tags":[],"class_list":["post-146037","post","type-post","status-publish","format-standard","hentry","category-actualite","category-tunisie"],"_links":{"self":[{"href":"https:\/\/linitiative.ca\/International\/wp-json\/wp\/v2\/posts\/146037","targetHints":{"allow":["GET"]}}],"collection":[{"href":"https:\/\/linitiative.ca\/International\/wp-json\/wp\/v2\/posts"}],"about":[{"href":"https:\/\/linitiative.ca\/International\/wp-json\/wp\/v2\/types\/post"}],"author":[{"embeddable":true,"href":"https:\/\/linitiative.ca\/International\/wp-json\/wp\/v2\/users\/1789"}],"replies":[{"embeddable":true,"href":"https:\/\/linitiative.ca\/International\/wp-json\/wp\/v2\/comments?post=146037"}],"version-history":[{"count":0,"href":"https:\/\/linitiative.ca\/International\/wp-json\/wp\/v2\/posts\/146037\/revisions"}],"wp:attachment":[{"href":"https:\/\/linitiative.ca\/International\/wp-json\/wp\/v2\/media?parent=146037"}],"wp:term":[{"taxonomy":"category","embeddable":true,"href":"https:\/\/linitiative.ca\/International\/wp-json\/wp\/v2\/categories?post=146037"},{"taxonomy":"post_tag","embeddable":true,"href":"https:\/\/linitiative.ca\/International\/wp-json\/wp\/v2\/tags?post=146037"}],"curies":[{"name":"wp","href":"https:\/\/api.w.org\/{rel}","templated":true}]}}