{"id":146057,"date":"2022-04-21T12:18:02","date_gmt":"2022-04-21T16:18:02","guid":{"rendered":"https:\/\/linitiative.ca\/International\/cote-divoire-les-priorites-fixees-au-nouveau-gouvernement\/"},"modified":"2022-04-21T12:18:02","modified_gmt":"2022-04-21T16:18:02","slug":"cote-divoire-les-priorites-fixees-au-nouveau-gouvernement","status":"publish","type":"post","link":"https:\/\/linitiative.ca\/International\/cote-divoire-les-priorites-fixees-au-nouveau-gouvernement\/","title":{"rendered":"C\u00f4te d\u2019Ivoire: les priorit\u00e9s fix\u00e9es au nouveau gouvernement"},"content":{"rendered":"<div>\n<p><img decoding=\"async\" width=\"275\" height=\"183\" src=\"https:\/\/linitiative.ca\/International\/wp-content\/uploads\/sites\/23\/2022\/04\/16505578835827.jpg\" class=\"attachment-post-thumbnail size-post-thumbnail wp-post-image\" alt=\"\" loading=\"lazy\"><\/p>\n<p>Le gouvernement Patrick Achi 2 a \u00e9t\u00e9 form\u00e9 le mercredi 20 avril  2022.Le chef de l&rsquo;Etat ivoirien, Alassane Ouattara, a d\u00e9clin\u00e9 ce jeudi en Conseil des ministres, la feuille de route du nouveau gouvernement de 32 membres, nomm\u00e9 dans un contexte de conjoncture \u00e9conomique.<\/p>\n<p>\u00ab\u00a0Je vous demande mesdames et messieurs les ministres de vous mettre au travail d\u00e8s \u00e0 pr\u00e9sent afin d&rsquo;acc\u00e9l\u00e9rer la mise en oeuvre de notre programme de gouvernement (la C\u00f4te d&rsquo;Ivoire Solidaire)\u00a0\u00bb, a dit M. Ouattara, ajoutant: \u00ab\u00a0J&rsquo;attends de vous beaucoup plus d&rsquo;initiatives et de c\u00e9l\u00e9rit\u00e9\u00a0\u00bb.<\/p>\n<p>Il a soulign\u00e9 que l&rsquo;objectif premier de ce programme est \u00ab\u00a0l&rsquo;am\u00e9lioration des conditions de vie de nos concitoyens (et) nous devons poursuivre les r\u00e9formes pour rendre notre \u00e9conomie plus dynamique, comp\u00e9titive et cr\u00e9atrice d&#8217;emplois, notamment pour les jeunes\u00a0\u00bb.<\/p>\n<p>\u00ab\u00a0Nous devons aussi mettre en oeuvre de mani\u00e8re diligente nos trois priorit\u00e9s pour l&rsquo;ann\u00e9e 2022\u00a0\u00bb, a poursuivi le pr\u00e9sident Ouattara, exhortant toute l&rsquo;\u00e9quipe gouvernementale \u00e0 \u00ab\u00a0agir dans le strict respect de la bonne gouvernance et de la transparence dans la gestion des affaires publiques et de suivre de mani\u00e8re vigoureuse la gestion des \u00e9tablissements publics qui sont sous votre autorit\u00e9\u00a0\u00bb.\u00a0<\/p>\n<p>Il a conseill\u00e9 au nouvel ex\u00e9cutif de faire preuve d&rsquo;humilit\u00e9 dans l&rsquo;exercice de ses fonctions et de consid\u00e9ration \u00e0 l&rsquo;endroit des concitoyens. Il a r\u00e9it\u00e9r\u00e9 ses f\u00e9licitations et ses voeux de r\u00e9ussite au Premier ministre, Patrick Achi, et au vice-pr\u00e9sident, Ti\u00e9moko Meyliet Kon\u00e9.\u00a0<\/p>\n<p>\u00ab\u00a0Je demande que le choix des directeurs de Cabinet soit soumis au pr\u00e9alable \u00e0 notre validation\u00a0\u00bb, a recommand\u00e9 Alassane Ouattara.\u00a0<\/p>\n<p>Emmanuel Ahoutou Koffi, ex-directeur de Cabinet du Premier ministre a \u00e9t\u00e9 nomm\u00e9 directeur de Cabinet du vice-pr\u00e9sident, Meyliet Kon\u00e9.<\/p>\n<p>Cet article <a rel=\"nofollow\" href=\"https:\/\/www.journalducameroun.com\/cote-divoire-les-priorites-fixees-au-nouveau-gouvernement\/\">C\u00f4te d\u2019Ivoire: les priorit\u00e9s fix\u00e9es au nouveau gouvernement<\/a> est apparu en premier sur <a rel=\"nofollow\" href=\"https:\/\/www.journalducameroun.com\/\">Journal du Cameroun<\/a>.<\/p>\n<\/div>\n<p>Auteur: APA News<br \/>\n<a href=\"https:\/\/www.journalducameroun.com\/cote-divoire-les-priorites-fixees-au-nouveau-gouvernement\/\">Cliquez ici pour lire l&rsquo;article depuis sa source.<\/a><\/p>\n","protected":false},"excerpt":{"rendered":"<p>Le gouvernement Patrick Achi 2 a \u00e9t\u00e9 form\u00e9 le mercredi 20 avril 2022.Le chef de l&rsquo;Etat ivoirien, Alassane Ouattara, a d\u00e9clin\u00e9 ce jeudi en Conseil des ministres, la feuille de route du nouveau gouvernement de 32 membres, nomm\u00e9 dans un contexte de conjoncture \u00e9conomique. \u00ab\u00a0Je vous demande mesdames et messieurs les ministres de vous mettre [&hellip;]<\/p>\n","protected":false},"author":1965,"featured_media":0,"comment_status":"closed","ping_status":"closed","sticky":false,"template":"","format":"standard","meta":{"fifu_image_url":"https:\/\/www.journalducameroun.com\/wp-content\/uploads\/2022\/04\/16505578835827.jpg","fifu_image_alt":"C\u00f4te d\u2019Ivoire: les priorit\u00e9s fix\u00e9es au nouveau gouvernement","footnotes":""},"categories":[73,82],"tags":[],"class_list":["post-146057","post","type-post","status-publish","format-standard","hentry","category-actualite","category-cameroun"],"_links":{"self":[{"href":"https:\/\/linitiative.ca\/International\/wp-json\/wp\/v2\/posts\/146057","targetHints":{"allow":["GET"]}}],"collection":[{"href":"https:\/\/linitiative.ca\/International\/wp-json\/wp\/v2\/posts"}],"about":[{"href":"https:\/\/linitiative.ca\/International\/wp-json\/wp\/v2\/types\/post"}],"author":[{"embeddable":true,"href":"https:\/\/linitiative.ca\/International\/wp-json\/wp\/v2\/users\/1965"}],"replies":[{"embeddable":true,"href":"https:\/\/linitiative.ca\/International\/wp-json\/wp\/v2\/comments?post=146057"}],"version-history":[{"count":0,"href":"https:\/\/linitiative.ca\/International\/wp-json\/wp\/v2\/posts\/146057\/revisions"}],"wp:attachment":[{"href":"https:\/\/linitiative.ca\/International\/wp-json\/wp\/v2\/media?parent=146057"}],"wp:term":[{"taxonomy":"category","embeddable":true,"href":"https:\/\/linitiative.ca\/International\/wp-json\/wp\/v2\/categories?post=146057"},{"taxonomy":"post_tag","embeddable":true,"href":"https:\/\/linitiative.ca\/International\/wp-json\/wp\/v2\/tags?post=146057"}],"curies":[{"name":"wp","href":"https:\/\/api.w.org\/{rel}","templated":true}]}}