{"id":146059,"date":"2022-04-21T12:31:03","date_gmt":"2022-04-21T16:31:03","guid":{"rendered":"https:\/\/linitiative.ca\/International\/royal-air-maroc-renforce-son-offre-entre-la-france-et-lafrique\/"},"modified":"2022-04-21T12:31:03","modified_gmt":"2022-04-21T16:31:03","slug":"royal-air-maroc-renforce-son-offre-entre-la-france-et-lafrique","status":"publish","type":"post","link":"https:\/\/linitiative.ca\/International\/royal-air-maroc-renforce-son-offre-entre-la-france-et-lafrique\/","title":{"rendered":"Royal Air Maroc renforce son offre entre la France et l\u2019Afrique"},"content":{"rendered":"<div>\n<p><img decoding=\"async\" width=\"1920\" height=\"1080\" src=\"https:\/\/linitiative.ca\/International\/wp-content\/uploads\/sites\/23\/2022\/04\/Artboard-4.jpg\" class=\"attachment-post-thumbnail size-post-thumbnail wp-post-image\" alt=\"\" loading=\"lazy\" srcset=\"https:\/\/linitiative.ca\/International\/wp-content\/uploads\/sites\/23\/2022\/04\/Artboard-4.jpg 1920w, https:\/\/www.journalducameroun.com\/wp-content\/uploads\/2022\/04\/Artboard-4-300x169.jpg 300w, https:\/\/www.journalducameroun.com\/wp-content\/uploads\/2022\/04\/Artboard-4-1024x576.jpg 1024w, https:\/\/www.journalducameroun.com\/wp-content\/uploads\/2022\/04\/Artboard-4-768x432.jpg 768w, https:\/\/www.journalducameroun.com\/wp-content\/uploads\/2022\/04\/Artboard-4-1536x864.jpg 1536w, https:\/\/www.journalducameroun.com\/wp-content\/uploads\/2022\/04\/Artboard-4-780x440.jpg 780w, https:\/\/www.journalducameroun.com\/wp-content\/uploads\/2022\/04\/Artboard-4-380x215.jpg 380w, https:\/\/www.journalducameroun.com\/wp-content\/uploads\/2022\/04\/Artboard-4-160x90.jpg 160w, https:\/\/www.journalducameroun.com\/wp-content\/uploads\/2022\/04\/Artboard-4-240x135.jpg 240w, https:\/\/www.journalducameroun.com\/wp-content\/uploads\/2022\/04\/Artboard-4-782x440.jpg 782w, https:\/\/www.journalducameroun.com\/wp-content\/uploads\/2022\/04\/Artboard-4-600x338.jpg 600w\" sizes=\"auto, (max-width: 1920px) 100vw, 1920px\"><\/p>\n<p><strong><span style=\"font-size: 14pt;\">La compagnie marocaine qui dessert 29 destinations africaines met en place des vols \u00e0 tarifs pr\u00e9f\u00e9rentiels au d\u00e9part de la France et \u00e0 destination de l&rsquo;Afrique.<\/span><\/strong><\/p>\n<p>\u00a0<\/p>\n<ul>\n<li><strong>Mise en place d&rsquo;une grille tarifaire incitative pour les vols reliant la France aux destinations africaines <\/strong><\/li>\n<li><strong>Le th\u00e8me de l&rsquo;Afrique au c\u0153ur de l\u2019exp\u00e9rience d&rsquo;accueil offert aux passagers<\/strong><\/li>\n<\/ul>\n<p>\u00a0<\/p>\n<p>La compagnie marocaine qui dessert 29 destinations africaines met en place des vols \u00e0 tarifs pr\u00e9f\u00e9rentiels au d\u00e9part de la France et \u00e0 destination de l&rsquo;Afrique.<\/p>\n<p>Dans un contexte de reprise soutenue de l&rsquo;activit\u00e9 a\u00e9rienne, Royal Air Maroc met en place des vols \u00e0 tarifs pr\u00e9f\u00e9rentiels au d\u00e9part de la France et \u00e0 destination de l&rsquo;Afrique, avec des billets aller-retour d\u00e9marrant au prix de 370 euros. La compagnie marocaine dessert 29 destinations africaines au d\u00e9part de 8 villes fran\u00e7aises.<\/p>\n<p>Si en 2019, plus de 20 millions de passagers ont voyag\u00e9 en avion entre la France et l\u2019Afrique, les deux ann\u00e9es suivantes marqu\u00e9es par une pand\u00e9mie sans pr\u00e9c\u00e9dent, ont emp\u00each\u00e9 des millions d\u2019Africains du Monde de retrouver leurs proches.<\/p>\n<p>Alors que les indicateurs sanitaires poursuivent leur am\u00e9lioration globale et qu&rsquo;un retour \u00e0 la normale se profile \u00e0 l&rsquo;horizon, Royal Air Maroc remet en service de nouvelles lignes, de nouveaux horaires, \u00e0 des tarifs avantageux, et op\u00e9r\u00e9s dans le strict respect des mesures sanitaires, afin de permettre au plus grand nombre de voyager ais\u00e9ment entre l\u2019Europe et l\u2019Afrique.<\/p>\n<p>Royal Air Maroc offre par ailleurs \u00e0 ses passagers une exp\u00e9rience unique qui fait ressentir l&rsquo;Afrique d\u00e8s l&rsquo;instant o\u00f9 l&rsquo;on monte \u00e0 bord de l&rsquo;avion. Les repas \u00e0 bord sont compos\u00e9s en puisant dans le meilleur des cultures africaines. Une grande partie du personnel navigant d\u00e9ploy\u00e9 sur les routes africaines est originaire de ces r\u00e9gions et se fera un plaisir de partager avec les voyageurs sa connaissance du continent. Les voyageurs bilingues auront \u00e9galement le plaisir d\u2019entendre leur langue maternelle dans les annonces faites en cabine, par exemple sur les vols vers le S\u00e9n\u00e9gal, o\u00f9 les annonces sont faites en Fran\u00e7ais et en Wolof.<\/p>\n<p>Pour rappel, Royal Air Maroc est la compagnie africaine la mieux implant\u00e9e sur le continent europ\u00e9en, avec 37 m\u00e9tropoles europ\u00e9ennes desservies, et de multiples possibilit\u00e9s d\u2019interconnexion dans le monde. Au d\u00e9part de Paris, Nantes, Bordeaux, Montpellier, Lyon, Toulouse, Marseille ou Strasbourg, il est possible de rejoindre, en quelques heures seulement, 29 destinations africaines.<\/p>\n<p><strong>Royal Air Maroc partenaire de l\u2019alliance oneworld<\/strong><\/p>\n<p>Gr\u00e2ce \u00e0 la qualit\u00e9 de ses prestations et la fiabilit\u00e9 de sa flotte, Royal Air Maroc est, depuis 2020, membre de l\u2019alliance <strong>one<\/strong>world<strong>, <\/strong>un r\u00e9seau mondial qui regroupe 13 compagnies a\u00e9riennes. Tous ses membres s\u2019engagent \u00e0 fournir des services premium \u00e0 leur client\u00e8le et tout un \u00e9ventail de privil\u00e8ges, comme le cumul et l\u2019\u00e9change de miles dans le cadre d\u2019un programme de fid\u00e9lit\u00e9. Aux c\u00f4t\u00e9s de partenaires iconiques comme American Airlines, British Airways et Cathay Pacific, Royal Air Maroc ouvre \u00e0 <strong>one<\/strong>world les portes de l\u2019Afrique et permet \u00e0 ses passagers de profiter de tarifs pr\u00e9f\u00e9rentiels et de synergies int\u00e9ressantes entre les compagnies, implant\u00e9es dans plus de 1 000 a\u00e9roports dans le monde.<\/p>\n<p><strong>46 destinations en Afrique<\/strong><\/p>\n<p>\u00a0<\/p>\n<table width=\"601\">\n<tbody>\n<tr>\n<td width=\"200\">Abidjan<\/td>\n<td width=\"200\">Dakhla<\/td>\n<td width=\"200\">Nador<\/td>\n<\/tr>\n<tr>\n<td width=\"200\">Accra<\/td>\n<td width=\"200\">Douala<\/td>\n<td width=\"200\">Niamey<\/td>\n<\/tr>\n<tr>\n<td width=\"200\">Agadir<\/td>\n<td width=\"200\"><\/td>\n<td width=\"200\">N&rsquo;Djamena<\/td>\n<\/tr>\n<tr>\n<td width=\"200\">Alger<\/td>\n<td width=\"200\">F\u00e9s<\/td>\n<td width=\"200\">Nouakchott<\/td>\n<\/tr>\n<tr>\n<td width=\"200\">Al Hoceima<\/td>\n<td width=\"200\">Freetown<\/td>\n<td width=\"200\">Ouagadougou<\/td>\n<\/tr>\n<tr>\n<td width=\"200\">Bamako<\/td>\n<td width=\"200\">Guelmim<\/td>\n<td width=\"200\">Ouarzazate<\/td>\n<\/tr>\n<tr>\n<td width=\"200\">Bangui<\/td>\n<td width=\"200\">Kinshasa<\/td>\n<td width=\"200\">Oujda<\/td>\n<\/tr>\n<tr>\n<td width=\"200\">Banjul<\/td>\n<td width=\"200\">La\u00e2youne<\/td>\n<td width=\"200\">Pointe-Noire<\/td>\n<\/tr>\n<tr>\n<td width=\"200\">Beni-Mellal<\/td>\n<td width=\"200\">Lagos<\/td>\n<td width=\"200\">Praia<\/td>\n<\/tr>\n<tr>\n<td width=\"200\">Bissau<\/td>\n<td width=\"200\">Le Caire<\/td>\n<td width=\"200\">Rabat<\/td>\n<\/tr>\n<tr>\n<td width=\"200\">Bouarfa<\/td>\n<td width=\"200\">Libreville<\/td>\n<td width=\"200\"><\/td>\n<\/tr>\n<tr>\n<td width=\"200\">Brazzaville<\/td>\n<td width=\"200\">Lom\u00e9<\/td>\n<td width=\"200\">Tanger<\/td>\n<\/tr>\n<tr>\n<td width=\"200\">Casablanca<\/td>\n<td width=\"200\">Luanda<\/td>\n<td width=\"200\">T\u00e9touan<\/td>\n<\/tr>\n<tr>\n<td width=\"200\">Conakry<\/td>\n<td width=\"200\">Malabo<\/td>\n<td width=\"200\">Tunis<\/td>\n<\/tr>\n<tr>\n<td width=\"200\">Cotonou<\/td>\n<td width=\"200\">Marrakech<\/td>\n<td width=\"200\">Yaound\u00e9<\/td>\n<\/tr>\n<tr>\n<td width=\"200\">Dakar<\/td>\n<td width=\"200\">Monrovia<\/td>\n<td width=\"200\">Zagora<\/td>\n<\/tr>\n<\/tbody>\n<\/table>\n<p>Cet article <a rel=\"nofollow\" href=\"https:\/\/www.journalducameroun.com\/royal-air-maroc-renforce-son-offre-entre-la-france-et-lafrique\/\">Royal Air Maroc renforce son offre entre la France et l\u2019Afrique<\/a> est apparu en premier sur <a rel=\"nofollow\" href=\"https:\/\/www.journalducameroun.com\/\">Journal du Cameroun<\/a>.<\/p>\n<\/div>\n<p>Auteur: Florine MOUANO<br \/>\n<a href=\"https:\/\/www.journalducameroun.com\/royal-air-maroc-renforce-son-offre-entre-la-france-et-lafrique\/\">Cliquez ici pour lire l&rsquo;article depuis sa source.<\/a><\/p>\n","protected":false},"excerpt":{"rendered":"<p>La compagnie marocaine qui dessert 29 destinations africaines met en place des vols \u00e0 tarifs pr\u00e9f\u00e9rentiels au d\u00e9part de la France et \u00e0 destination de l&rsquo;Afrique. \u00a0 Mise en place d&rsquo;une grille tarifaire incitative pour les vols reliant la France aux destinations africaines Le th\u00e8me de l&rsquo;Afrique au c\u0153ur de l\u2019exp\u00e9rience d&rsquo;accueil offert aux passagers [&hellip;]<\/p>\n","protected":false},"author":1965,"featured_media":0,"comment_status":"closed","ping_status":"closed","sticky":false,"template":"","format":"standard","meta":{"fifu_image_url":"https:\/\/www.journalducameroun.com\/wp-content\/uploads\/2022\/04\/Artboard-4.jpg","fifu_image_alt":"Royal Air Maroc renforce son offre entre la France et l\u2019Afrique","footnotes":""},"categories":[73,82],"tags":[],"class_list":["post-146059","post","type-post","status-publish","format-standard","hentry","category-actualite","category-cameroun"],"_links":{"self":[{"href":"https:\/\/linitiative.ca\/International\/wp-json\/wp\/v2\/posts\/146059","targetHints":{"allow":["GET"]}}],"collection":[{"href":"https:\/\/linitiative.ca\/International\/wp-json\/wp\/v2\/posts"}],"about":[{"href":"https:\/\/linitiative.ca\/International\/wp-json\/wp\/v2\/types\/post"}],"author":[{"embeddable":true,"href":"https:\/\/linitiative.ca\/International\/wp-json\/wp\/v2\/users\/1965"}],"replies":[{"embeddable":true,"href":"https:\/\/linitiative.ca\/International\/wp-json\/wp\/v2\/comments?post=146059"}],"version-history":[{"count":0,"href":"https:\/\/linitiative.ca\/International\/wp-json\/wp\/v2\/posts\/146059\/revisions"}],"wp:attachment":[{"href":"https:\/\/linitiative.ca\/International\/wp-json\/wp\/v2\/media?parent=146059"}],"wp:term":[{"taxonomy":"category","embeddable":true,"href":"https:\/\/linitiative.ca\/International\/wp-json\/wp\/v2\/categories?post=146059"},{"taxonomy":"post_tag","embeddable":true,"href":"https:\/\/linitiative.ca\/International\/wp-json\/wp\/v2\/tags?post=146059"}],"curies":[{"name":"wp","href":"https:\/\/api.w.org\/{rel}","templated":true}]}}