{"id":146065,"date":"2022-04-21T08:48:48","date_gmt":"2022-04-21T12:48:48","guid":{"rendered":"https:\/\/linitiative.ca\/International\/fibre-optique-camtel-sassocie-a-sudachad-et-sudatel-pour-la-conquete-du-marche-ouest-et-est-africain\/"},"modified":"2022-04-21T08:48:48","modified_gmt":"2022-04-21T12:48:48","slug":"fibre-optique-camtel-sassocie-a-sudachad-et-sudatel-pour-la-conquete-du-marche-ouest-et-est-africain","status":"publish","type":"post","link":"https:\/\/linitiative.ca\/International\/fibre-optique-camtel-sassocie-a-sudachad-et-sudatel-pour-la-conquete-du-marche-ouest-et-est-africain\/","title":{"rendered":"Fibre optique : Camtel s\u2019associe \u00e0 Sudachad et Sudatel pour la conqu\u00eate du march\u00e9 Ouest et Est africain"},"content":{"rendered":"<div>\n<p>Un c\u00e2ble terrestre pour booster les connectivit\u00e9s de haut d\u00e9bit en Afrique. C\u2019est ce \u00e0 quoi tendent les entreprises de t\u00e9l\u00e9communications Camtel, SudaChad (Tchad) et Sudatel (Soudan). Le 31 mars 2022 \u00e0 Duba\u00ef, ces op\u00e9rateurs ont act\u00e9 un partenariat pour la mise sur pied d\u2019un projet baptis\u00e9 \u00abWest to East Africa Network Access (WE-Africa-NA)\u00bb.A en croire les explications de l\u2019op\u00e9rateur public t\u00e9l\u00e9coms camerounais, il s\u2019agit d\u2019un partenariat strat\u00e9gique qui vise la commercialisation du West to East Africa- Network\u00bb. Un c\u00e2ble terrestre continu reliant les r\u00e9gions de l\u2019Ouest et Est de l\u2019Afrique de Port-Soudan sur la Mer- Rouge au Soudan \u00e0 Kribi sur l\u2019Oc\u00e9an Atlantique au Cameroun par le Tchad au Centre du continent. \u00abCe partenariat historique entre Camtel, SudChad et Sudatel repr\u00e9sente une \u00e9tape importante dans la collaboration intra-africaine sur le d\u00e9veloppement \u00e9conomique num\u00e9rique \u00bb, se r\u00e9jouit le directeur g\u00e9n\u00e9ral de la Cameroon Telecommunications, Judith Yah Sunday.<\/p>\n<p><strong>Lire aussi : <a href=\"https:\/\/ecomatin.net\/camtel-sappuie-sur-mtn-pour-etendre-son-reseau-dans-les-zones-non-couvertes-s-du-pays\/\" target=\"_blank\" rel=\"noreferrer noopener\">Camtel s\u2019appuie sur Mtn pour \u00e9tendre son r\u00e9seau dans les zones non couvertes du pays<\/a><\/strong><\/p>\n<p>Ce nouveau partenariat vient r\u00e9pondre \u00e0 la demande de connectivit\u00e9 de donn\u00e9es \u00e0 haut d\u00e9bit en Afrique et vise \u00e0 soutenir la demande croissante de transit \u00e0 faible latence, sur et \u00e0 travers le continent. Concr\u00e8tement, le r\u00e9seau \u00ab We-Africa-Na \u00bb va acc\u00e9l\u00e9rer la p\u00e9n\u00e9tration des services hauts d\u00e9bit sur tout le continent, tout en maximisant la mon\u00e9tisation des actifs d\u2019infrastructures de r\u00e9seau de la r\u00e9gion, conform\u00e9ment \u00e0 l\u2019ambition de Camtel de faire du Cameroun le hub num\u00e9rique de l\u2019Afrique subsaharienne. Toujours dans le cadre de ce projet, chaque op\u00e9rateur de transport de communications \u00e9lectroniques dans son pays respectif apporte la connectivit\u00e9 sur son territoire d\u2019exploitation ainsi que l\u2019acc\u00e8s \u00e0 sa (ses) station(s) d\u2019atterrissement de c\u00e2bles sous-marins (Soudan et Cameroun) et l\u2019interconnexion terrestre existant entre ses pays partageant une fronti\u00e8re. \u00abAvec We-Africa-Na, Camtel permet aux op\u00e9rateurs de r\u00e9seaux d\u2019Afrique de l\u2019Est et du Moyen-Orient de se connecter directement au continent europ\u00e9en et am\u00e9ricain \u00e0 travers ses diff\u00e9rentes stations d\u2019atterrissement de c\u00e2ble sur l\u2019oc\u00e9an Atlantique \u00bb, indique Camtel.<\/p>\n<p><strong>Camtel se positionne<\/strong><\/p>\n<p>Dans le cadre du projet, l\u2019op\u00e9rateur public et historique des t\u00e9l\u00e9communications au Cameroun dispose de droits d\u2019acc\u00e8s sur quatre c\u00e2bles sous-marins essentiels pour la connectivit\u00e9 de la sous- r\u00e9gion. \u00c0 savoir: WACS. SAT3, NCSCS et le c\u00e2ble sous-marin SAIL qui relie le Cameroun ou le Br\u00e9sil.<\/p>\n<p><strong>Lire aussi : <a href=\"https:\/\/ecomatin.net\/telecommunications-camtel-pose-1200km-de-fibre-optique-pour-ameliorer-la-couverture-numerique-nationale\/\" target=\"_blank\" rel=\"noreferrer noopener\">T\u00e9l\u00e9communications : Camtel pose 1200km de fibre optique pour am\u00e9liorer la couverture num\u00e9rique nationale<\/a><\/strong><\/p>\n<p>En tant que op\u00e9rateur d\u2019infrastructures de t\u00e9l\u00e9communications du Cameroun, Camtel ambitionne ainsi se positionner comme la plaque tournante num\u00e9rique de la r\u00e9gion de l\u2019Afrique subsaharienne. \u00abL\u2019int\u00e9r\u00eat pour CAMTEL se trouve \u00e0 plusieurs niveaux \u00ab l\u2019acc\u00e8s \u00e0 de nouveaux march\u00e9s (Moyen-Orient et Asie) pour des op\u00e9rateurs souhaitant se connecter au continent Am\u00e9ricain avec une latence r\u00e9duite via l\u2019Afrique, l\u2019optimisation de ses investissements sur la dorsale en FO entre Kousseri et Kribi &amp; Limbe, la commercialisation accrue de ses c\u00e2bles sous- marins notamment le SAIL connectant au continent Am\u00e9ricain et le WACS connectant \u00e0 l\u2019Europe de l\u2019Ouest. Il faut noter que Sudatel dispose \u00e0 sa station d\u2019atterrissement de Port- Soudan d\u2019un acc\u00e8s \u00e0 plusieurs c\u00e2bles sous-marins parmi lesquels SAS-1 &amp; SAS- 2 offrant un acc\u00e8s direct \u00e0 Jeddah (Arabie Saoudite), principal hub num\u00e9rique du Moyen-Orient\u00bb, note Camtel. Il faut noter que Sudatel dispose \u00e0 sa station d\u2019atterrissement de Port- Soudan d\u2019un acc\u00e8s \u00e0 plusieurs c\u00e2bles sous-marins parmi lesquels SAS-1 &amp; SAS- 2 offrant un acc\u00e8s direct \u00e0 Jeddah (Arabie Saoudite), principal hub num\u00e9rique du Moyen-Orient.<\/p>\n<p><strong>Lire aussi : <a href=\"https:\/\/ecomatin.net\/telephonie-mobile-camtel-prepare-le-lancement-imminent-de-blue-mobile\/\" target=\"_blank\" rel=\"noreferrer noopener\">T\u00e9l\u00e9phonie mobile : Camtel pr\u00e9pare le lancement imminent de Blue mobile<\/a><\/strong><\/p>\n<p>L\u2019article <a rel=\"nofollow\" href=\"https:\/\/ecomatin.net\/fibre-optique-camtel-sassocie-a-sudachad-et-sudatel-l-pour-la-conquete-du-marche-ouest-et-est-africain\/\">Fibre optique : Camtel s\u2019associe \u00e0 Sudachad et Sudatel pour la conqu\u00eate du march\u00e9 Ouest et Est africain<\/a> est apparu en premier sur <a rel=\"nofollow\" href=\"https:\/\/ecomatin.net\/\">EcoMatin<\/a>.<\/p>\n<\/div>\n<p>Auteur: Amina MALLOUM<br \/>\n<a href=\"https:\/\/ecomatin.net\/fibre-optique-camtel-sassocie-a-sudachad-et-sudatel-l-pour-la-conquete-du-marche-ouest-et-est-africain\/\">Cliquez ici pour lire l&rsquo;article depuis sa source.<\/a><\/p>\n","protected":false},"excerpt":{"rendered":"<p>Un c\u00e2ble terrestre pour booster les connectivit\u00e9s de haut d\u00e9bit en Afrique. C\u2019est ce \u00e0 quoi tendent les entreprises de t\u00e9l\u00e9communications Camtel, SudaChad (Tchad) et Sudatel (Soudan). Le 31 mars 2022 \u00e0 Duba\u00ef, ces op\u00e9rateurs ont act\u00e9 un partenariat pour la mise sur pied d\u2019un projet baptis\u00e9 \u00abWest to East Africa Network Access (WE-Africa-NA)\u00bb.A en [&hellip;]<\/p>\n","protected":false},"author":1969,"featured_media":0,"comment_status":"closed","ping_status":"closed","sticky":false,"template":"","format":"standard","meta":{"fifu_image_url":"","fifu_image_alt":"","footnotes":""},"categories":[82,78],"tags":[],"class_list":["post-146065","post","type-post","status-publish","format-standard","hentry","category-cameroun","category-economie"],"_links":{"self":[{"href":"https:\/\/linitiative.ca\/International\/wp-json\/wp\/v2\/posts\/146065","targetHints":{"allow":["GET"]}}],"collection":[{"href":"https:\/\/linitiative.ca\/International\/wp-json\/wp\/v2\/posts"}],"about":[{"href":"https:\/\/linitiative.ca\/International\/wp-json\/wp\/v2\/types\/post"}],"author":[{"embeddable":true,"href":"https:\/\/linitiative.ca\/International\/wp-json\/wp\/v2\/users\/1969"}],"replies":[{"embeddable":true,"href":"https:\/\/linitiative.ca\/International\/wp-json\/wp\/v2\/comments?post=146065"}],"version-history":[{"count":0,"href":"https:\/\/linitiative.ca\/International\/wp-json\/wp\/v2\/posts\/146065\/revisions"}],"wp:attachment":[{"href":"https:\/\/linitiative.ca\/International\/wp-json\/wp\/v2\/media?parent=146065"}],"wp:term":[{"taxonomy":"category","embeddable":true,"href":"https:\/\/linitiative.ca\/International\/wp-json\/wp\/v2\/categories?post=146065"},{"taxonomy":"post_tag","embeddable":true,"href":"https:\/\/linitiative.ca\/International\/wp-json\/wp\/v2\/tags?post=146065"}],"curies":[{"name":"wp","href":"https:\/\/api.w.org\/{rel}","templated":true}]}}