{"id":146067,"date":"2022-04-21T10:03:57","date_gmt":"2022-04-21T14:03:57","guid":{"rendered":"https:\/\/linitiative.ca\/International\/climat-social-les-employes-de-limprimerie-nationale-reclament-le-paiement-de-plus-4-mois-darrieres-de-salaire\/"},"modified":"2022-04-21T10:03:57","modified_gmt":"2022-04-21T14:03:57","slug":"climat-social-les-employes-de-limprimerie-nationale-reclament-le-paiement-de-plus-4-mois-darrieres-de-salaire","status":"publish","type":"post","link":"https:\/\/linitiative.ca\/International\/climat-social-les-employes-de-limprimerie-nationale-reclament-le-paiement-de-plus-4-mois-darrieres-de-salaire\/","title":{"rendered":"Climat social : les employ\u00e9s de l\u2019Imprimerie Nationale r\u00e9clament le paiement de plus 4 mois d\u2019arri\u00e9r\u00e9s de salaire"},"content":{"rendered":"<div>\n<p>Arriv\u00e9 \u00e0 la t\u00eate de l\u2019Imprimerie Nationale (l\u2019IN) en 2015 en qualit\u00e9 de sapeur-pompier, apr\u00e8s un d\u00e9cret du chef de l\u2019Etat, Paul Walter Komo, serait aujourd\u2019hui le boulet qui entra\u00eene un peu plus dans la mouise cette structure \u00e9tatique qui connaissait d\u00e9j\u00e0 \u00a0d\u2019\u00e9normes difficult\u00e9s. C\u2019est du moins ce que pr\u00e9tendent une grande partie \u00a0des employ\u00e9s qui ont observ\u00e9 jeudi 20 avril 2022, un mouvement de gr\u00e8ve aux abords des services du Premier ministre. Les griefs imput\u00e9s au directeur g\u00e9n\u00e9ral, vont de la simple faute de gestion, aux d\u00e9tournements de deniers publics. Concr\u00e8tement, Paul Walter Nkomo est accus\u00e9 de multiplier des stratag\u00e8mes frauduleux pour \u00abd\u00e9pouiller l\u2019entreprise de ses march\u00e9s statutaires au profit d\u2019une sous-traitance \u00e0 outrance\u00bb, et ce \u00abmalgr\u00e9 la modernisation du plateau technique de l\u2019imprimerie nationale\u00bb. Les employ\u00e9s en veulent pour preuve, \u00ab la d\u00e9livrance des certificats de carence syst\u00e9matis\u00e9e par la Direction surtout lors des commandes des imprim\u00e9s des concours et examens officiels\u00bb.\u00a0Consid\u00e9rant que\u00a0les revenus issus des travaux d\u2019imprimerie r\u00e9alis\u00e9s pour le compte des administrations publiques constituent sa principale activit\u00e9, l\u2019IN \u00abne peut plus se pr\u00e9valoir de sa capacit\u00e9 de production pour pr\u00e9tendre satisfaire toutes les commandes de son march\u00e9 statutaire\u00bb, indiquent les gr\u00e9vistes. Ce qui, selon les employ\u00e9s en col\u00e8re, illustre \u00e0 suffisance \u00abla mal gouvernance\u00bb qu\u2019ils s\u2019\u00e9vertuent \u00e0 d\u00e9noncer.<\/p>\n<p>La probl\u00e9matique des salaires impay\u00e9s a \u00e9galement \u00e9t\u00e9 mise sur la table. Selon certains employ\u00e9s rencontr\u00e9s sur place, ils n\u2019ont pas \u00e9t\u00e9 pay\u00e9s depuis le mois de janvier de l\u2019ann\u00e9e en cours. \u00ab Nous avons des arri\u00e9r\u00e9s de salaire qui remontent \u00e0 4 mois. Depuis janvier jusqu\u2019\u00e0 ce jour, nous ne sommes pas pass\u00e9s \u00e0 la banque. Il faut rappeler que l\u2019ann\u00e9e derni\u00e8re, nous sommes pass\u00e9s \u00e0 la banque 3 fois seulement\u00bb, a r\u00e9v\u00e9l\u00e9 Okali Onana Jacques Christian, un employ\u00e9 de l\u2019imprimerie nationale. Pourtant, \u00a0le minist\u00e8re des Finances (Minfi)\u00a0 s\u2019est engag\u00e9 \u00e0 allouer de mani\u00e8re trimestrielle depuis le 26 mars 2018, une dotation de 450 millions de F pour faire face aux diverses charges mensuelles de l\u2019entreprise. Cet argent devait \u00e9galement servir \u00e0 acqu\u00e9rir la mati\u00e8re premi\u00e8re destin\u00e9e \u00e0 la livraison des documents budg\u00e9taires et comptables du Minfi. Ledit minist\u00e8re a tenu son engagement jusqu\u2019en 2021, date \u00e0 laquelle il a d\u00e9cid\u00e9 de s\u2019y soustraire, en raison de l\u2019opacit\u00e9 observ\u00e9e dans la gestion de cette enveloppe. C\u2019est au vu de ce qui pr\u00e9c\u00e8de, que les employ\u00e9s de l\u2019imprimerie nationale conduit par Kouague Firmin, leur d\u00e9l\u00e9gu\u00e9 du personnel, ont soumis \u00e0 l\u2019attention du repr\u00e9sentant mandat\u00e9 par Joseph Dion Ngute, le premier ministre, pour les recevoir, une exigence ferme, contenue dans un m\u00e9morandum. Celle de \u00ab restaurer de mani\u00e8re p\u00e9renne la dotation de 450 millions de FCFA \u00e9voqu\u00e9e ci-haut, solution efficace et efficiente pour mettre d\u00e9finitivement un terme aux souffrances des travailleurs tant en poste que retrait\u00e9s\u00bb, peut-on lire dans ce document.<\/p>\n<p>Pour m\u00e9moire,\u00a0 l\u2019Imprimerie nationale traverse des moments difficiles depuis de nombreuses ann\u00e9es. Selon le rapport de la Commission technique de r\u00e9habilitation des entreprises et \u00e9tablissements publics au Cameroun (CTR) publi\u00e9 en 2020, l\u2019\u00e9tablissement affichait un r\u00e9sultat n\u00e9gatif de 827, 83 millions de FCFA en 2018.<\/p>\n<p>L\u2019article <a rel=\"nofollow\" href=\"https:\/\/ecomatin.net\/climat-social-les-employes-de-limprimerie-nationale-reclament-le-paiement-de-plus-4-mois-darrieres-de-salaire\/\">Climat social : les employ\u00e9s de l\u2019Imprimerie Nationale r\u00e9clament le paiement de plus 4 mois d\u2019arri\u00e9r\u00e9s de salaire<\/a> est apparu en premier sur <a rel=\"nofollow\" href=\"https:\/\/ecomatin.net\/\">EcoMatin<\/a>.<\/p>\n<\/div>\n<p>Auteur: Paul Tjeg<br \/>\n<a href=\"https:\/\/ecomatin.net\/climat-social-les-employes-de-limprimerie-nationale-reclament-le-paiement-de-plus-4-mois-darrieres-de-salaire\/\">Cliquez ici pour lire l&rsquo;article depuis sa source.<\/a><\/p>\n","protected":false},"excerpt":{"rendered":"<p>Arriv\u00e9 \u00e0 la t\u00eate de l\u2019Imprimerie Nationale (l\u2019IN) en 2015 en qualit\u00e9 de sapeur-pompier, apr\u00e8s un d\u00e9cret du chef de l\u2019Etat, Paul Walter Komo, serait aujourd\u2019hui le boulet qui entra\u00eene un peu plus dans la mouise cette structure \u00e9tatique qui connaissait d\u00e9j\u00e0 \u00a0d\u2019\u00e9normes difficult\u00e9s. C\u2019est du moins ce que pr\u00e9tendent une grande partie \u00a0des employ\u00e9s [&hellip;]<\/p>\n","protected":false},"author":1969,"featured_media":0,"comment_status":"closed","ping_status":"closed","sticky":false,"template":"","format":"standard","meta":{"fifu_image_url":"","fifu_image_alt":"","footnotes":""},"categories":[82,78],"tags":[],"class_list":["post-146067","post","type-post","status-publish","format-standard","hentry","category-cameroun","category-economie"],"_links":{"self":[{"href":"https:\/\/linitiative.ca\/International\/wp-json\/wp\/v2\/posts\/146067","targetHints":{"allow":["GET"]}}],"collection":[{"href":"https:\/\/linitiative.ca\/International\/wp-json\/wp\/v2\/posts"}],"about":[{"href":"https:\/\/linitiative.ca\/International\/wp-json\/wp\/v2\/types\/post"}],"author":[{"embeddable":true,"href":"https:\/\/linitiative.ca\/International\/wp-json\/wp\/v2\/users\/1969"}],"replies":[{"embeddable":true,"href":"https:\/\/linitiative.ca\/International\/wp-json\/wp\/v2\/comments?post=146067"}],"version-history":[{"count":0,"href":"https:\/\/linitiative.ca\/International\/wp-json\/wp\/v2\/posts\/146067\/revisions"}],"wp:attachment":[{"href":"https:\/\/linitiative.ca\/International\/wp-json\/wp\/v2\/media?parent=146067"}],"wp:term":[{"taxonomy":"category","embeddable":true,"href":"https:\/\/linitiative.ca\/International\/wp-json\/wp\/v2\/categories?post=146067"},{"taxonomy":"post_tag","embeddable":true,"href":"https:\/\/linitiative.ca\/International\/wp-json\/wp\/v2\/tags?post=146067"}],"curies":[{"name":"wp","href":"https:\/\/api.w.org\/{rel}","templated":true}]}}