{"id":146069,"date":"2022-04-22T10:15:12","date_gmt":"2022-04-22T14:15:12","guid":{"rendered":"https:\/\/linitiative.ca\/International\/generalisation-de-la-protection-sociale-aux-agriculteurs-le-chantier-va-bon-train\/"},"modified":"2022-04-22T10:15:12","modified_gmt":"2022-04-22T14:15:12","slug":"generalisation-de-la-protection-sociale-aux-agriculteurs-le-chantier-va-bon-train","status":"publish","type":"post","link":"https:\/\/linitiative.ca\/International\/generalisation-de-la-protection-sociale-aux-agriculteurs-le-chantier-va-bon-train\/","title":{"rendered":"G\u00e9n\u00e9ralisation de la protection sociale aux agriculteurs : Le chantier va bon train"},"content":{"rendered":"<div>\n<p><img decoding=\"async\" width=\"300\" height=\"153\" src=\"https:\/\/linitiative.ca\/International\/wp-content\/uploads\/sites\/23\/2022\/04\/agriculteurs_maroc-300x153-1.jpg\" class=\"attachment-medium size-medium wp-post-image\" alt=\"\" loading=\"lazy\" srcset=\"https:\/\/linitiative.ca\/International\/wp-content\/uploads\/sites\/23\/2022\/04\/agriculteurs_maroc-300x153-1.jpg 300w, https:\/\/aujourdhui.ma\/wp-content\/uploads\/2022\/04\/agriculteurs_maroc-274x140.jpg 274w, https:\/\/aujourdhui.ma\/wp-content\/uploads\/2022\/04\/agriculteurs_maroc.jpg 746w, https:\/\/aujourdhui.ma\/wp-content\/uploads\/2022\/04\/agriculteurs_maroc-165x84.jpg 165w, https:\/\/aujourdhui.ma\/wp-content\/uploads\/2022\/04\/agriculteurs_maroc-702x358.jpg 702w\" sizes=\"auto, (max-width: 300px) 100vw, 300px\"><\/p>\n<p><span style=\"font-size: 20px; color: #800000;\"><strong>Le processus de d\u00e9ploiement de ce chantier strat\u00e9gique se poursuit avec la mobilisation du d\u00e9partement de l\u2019agriculture et toutes ses structures sous tutelle et en parfaite coordination avec les partenaires minist\u00e9riels et institutionnels.<\/strong><\/span><span id=\"more-406008\"><\/span><\/p>\n<p>La g\u00e9n\u00e9ralisation de la protection sociale constitue un facteur d\u2019acc\u00e9l\u00e9ration de l\u2019acc\u00e8s d\u2019une grande partie des m\u00e9nages agricoles \u00e0 la classe moyenne. Ce chantier repr\u00e9sente un levier majeur pour l\u2019am\u00e9lioration des conditions de vie des agriculteurs et de la population rurale en g\u00e9n\u00e9ral. Il s\u2019\u00e9rige par ailleurs comme \u00e9tant un axe strat\u00e9gique prioritaire dans le cadre du premier fondement de la strat\u00e9gie agricole \u00abAl Jayl Al Akhdar\u00bb, en l\u2019occurrence la valorisation du capital humain. \u00abDepuis le lancement de la strat\u00e9gie G\u00e9n\u00e9ration Green, le d\u00e9partement de l\u2019agriculture en concertation avec les professionnels, les d\u00e9partements minist\u00e9riels concern\u00e9s et la CNSS a men\u00e9 une profonde r\u00e9flexion pour d\u00e9finir les cat\u00e9gories d\u2019agriculteurs et leurs niveaux de cotisation\u00bb, confie Mohamed Sadiki, ministre de l\u2019agriculture, de la p\u00eache maritime, du d\u00e9veloppement rural et des eaux et for\u00eats, dans un entretien accord\u00e9, ant\u00e9rieurement, \u00e0 ALM.<\/p>\n<p>Et de pr\u00e9ciser que \u00ab durant les 100 premiers jours du gouvernement, le d\u00e9partement de l\u2019agriculture a acc\u00e9l\u00e9r\u00e9 la mise en \u0153uvre de ce chantier avec la finalisation de fixation des \u00e9l\u00e9ments de tarification en concertation avec les professionnels du secteur tout en s\u2019appuyant sur une \u00e9tude ayant utilis\u00e9 les donn\u00e9es du recensement g\u00e9n\u00e9ral de l\u2019agriculture et de terrain (revenus, tailles d\u2019exploitation et activit\u00e9s selon les zones agro-\u00e9cologiques, etc.) \u00bb. La grille de cotisation est constitu\u00e9e au total de neuf classes de revenu forfaitaire correspondant \u00e0 des niveaux de cotisation. Sur le plan l\u00e9gal, le gouvernement a adopt\u00e9 le d\u00e9cret 2.21.1019 portant application de la loi 98.15 relative au r\u00e9gime de l\u2019Assurance maladie obligatoire de base et de la loi 99.15 instituant un r\u00e9gime de pensions pour les cat\u00e9gories des agriculteurs. Ce d\u00e9cret pr\u00e9cise les niveaux de cotisation et l\u2019organisme de liaison qui n\u2019est autre que le minist\u00e8re de l\u2019agriculture. De m\u00eame, le d\u00e9cret n\u00b0 2.21.1036 relatif aux attributions et \u00e0 l\u2019organisation des directions centrales du d\u00e9partement a \u00e9t\u00e9 adopt\u00e9 en vue d\u2019y apporter de nouvelles attributions, notamment celles relatives \u00e0 l\u2019activation, au suivi et \u00e0 l\u2019\u00e9valuation de la protection sociale au profit des agriculteurs, ainsi que la coordination de ce programme.<\/p>\n<p>\u00abS\u2019agissant du volet organisationnel, le d\u00e9partement de l\u2019agriculture est d\u00e9sign\u00e9 comme organisme de liaison responsable de deux principales missions : identification et mise \u00e0 jour des listes des agriculteurs b\u00e9n\u00e9ficiaires et leur transmission \u00e0 la CNSS\u00bb, a expliqu\u00e9 le ministre. Et de pr\u00e9ciser que \u00able d\u00e9partement a mis en place un dispositif du suivi et de coordination charg\u00e9 de la mise \u00e0 jour des listes des agriculteurs, de leur cat\u00e9gorisation et de communication de ces donn\u00e9es \u00e0 la CNSS\u00bb. Ces activit\u00e9s enregistrent, selon M. Sadiki, des taux de r\u00e9alisation satisfaisants permettant d\u2019atteindre l\u2019objectif d\u2019immatriculation g\u00e9n\u00e9ralis\u00e9 des agriculteurs dans le d\u00e9lai pr\u00e9vu par les textes r\u00e9glementaires, en l\u2019occurrence le 1er mai 2022. \u00abA ce jour, une liste de pr\u00e8s de 1 million d\u2019agriculteurs a \u00e9t\u00e9 \u00e9labor\u00e9e et transmise progressivement \u00e0 la CNSS\u00bb, rel\u00e8ve-t-on de M. Sadiki.<\/p>\n<p>Il est \u00e0 noter que le processus de d\u00e9ploiement de ce chantier strat\u00e9gique se poursuit avec la mobilisation du d\u00e9partement de l\u2019agriculture et toutes ses structures sous tutelle et en parfaite coordination avec les partenaires minist\u00e9riels et institutionnels pour r\u00e9ussir la mise en \u0153uvre de la couverture sociale conform\u00e9ment aux Hautes Orientations Royales. Rappelons qu\u2019en vue de concr\u00e9tiser l\u2019engagement de l\u2019Etat en mati\u00e8re de politique de la protection sociale des agriculteurs et leurs familles, le gouvernement a mis en place un cadre l\u00e9gal et r\u00e9glementaire permettant \u00e0 la cat\u00e9gorie des travailleurs non-salari\u00e9s de b\u00e9n\u00e9ficier de la couverture m\u00e9dicale (loi 15-98) et du r\u00e9gime des pensions (loi 15-99). De plus, la loi-cadre 09.21 a consolid\u00e9 les orientations royales selon une d\u00e9marche forte qui pr\u00e9cise la nature des prestations de protection sociale, le chiffrage des cat\u00e9gories b\u00e9n\u00e9ficiaires, le calendrier de mise en \u0153uvre et les budgets.<\/p>\n<p>Cette loi-cadre est l\u2019expression de la ferme volont\u00e9 de g\u00e9n\u00e9raliser la protection sociale. Pour mettre en \u0153uvre cette loi dans le secteur agricole, une convention-cadre relative au secteur agricole a \u00e9t\u00e9 sign\u00e9e sous la pr\u00e9sidence de Sa Majest\u00e9 le Roi qui pr\u00e9voit l\u2019instauration, dans un premier temps, de l\u2019Assurance maladie obligatoire (AMO) pour 1,6 million d\u2019agriculteurs.<\/p>\n<\/div>\n<p>Auteur: Kawtar Tali<br \/>\n<a href=\"https:\/\/aujourdhui.ma\/economie\/generalisation-de-la-protection-sociale-aux-agriculteurs-le-chantier-va-bon-train\">Cliquez ici pour lire l&rsquo;article depuis sa source.<\/a><\/p>\n","protected":false},"excerpt":{"rendered":"<p>Le processus de d\u00e9ploiement de ce chantier strat\u00e9gique se poursuit avec la mobilisation du d\u00e9partement de l\u2019agriculture et toutes ses structures sous tutelle et en parfaite coordination avec les partenaires minist\u00e9riels et institutionnels. La g\u00e9n\u00e9ralisation de la protection sociale constitue un facteur d\u2019acc\u00e9l\u00e9ration de l\u2019acc\u00e8s d\u2019une grande partie des m\u00e9nages agricoles \u00e0 la classe moyenne. [&hellip;]<\/p>\n","protected":false},"author":1759,"featured_media":0,"comment_status":"closed","ping_status":"closed","sticky":false,"template":"","format":"standard","meta":{"fifu_image_url":"https:\/\/aujourdhui.ma\/wp-content\/uploads\/2022\/04\/agriculteurs_maroc-300x153.jpg","fifu_image_alt":"G\u00e9n\u00e9ralisation de la protection sociale aux agriculteurs : Le chantier va bon train","footnotes":""},"categories":[73,54],"tags":[],"class_list":["post-146069","post","type-post","status-publish","format-standard","hentry","category-actualite","category-maroc"],"_links":{"self":[{"href":"https:\/\/linitiative.ca\/International\/wp-json\/wp\/v2\/posts\/146069","targetHints":{"allow":["GET"]}}],"collection":[{"href":"https:\/\/linitiative.ca\/International\/wp-json\/wp\/v2\/posts"}],"about":[{"href":"https:\/\/linitiative.ca\/International\/wp-json\/wp\/v2\/types\/post"}],"author":[{"embeddable":true,"href":"https:\/\/linitiative.ca\/International\/wp-json\/wp\/v2\/users\/1759"}],"replies":[{"embeddable":true,"href":"https:\/\/linitiative.ca\/International\/wp-json\/wp\/v2\/comments?post=146069"}],"version-history":[{"count":0,"href":"https:\/\/linitiative.ca\/International\/wp-json\/wp\/v2\/posts\/146069\/revisions"}],"wp:attachment":[{"href":"https:\/\/linitiative.ca\/International\/wp-json\/wp\/v2\/media?parent=146069"}],"wp:term":[{"taxonomy":"category","embeddable":true,"href":"https:\/\/linitiative.ca\/International\/wp-json\/wp\/v2\/categories?post=146069"},{"taxonomy":"post_tag","embeddable":true,"href":"https:\/\/linitiative.ca\/International\/wp-json\/wp\/v2\/tags?post=146069"}],"curies":[{"name":"wp","href":"https:\/\/api.w.org\/{rel}","templated":true}]}}