{"id":146071,"date":"2022-04-22T10:31:07","date_gmt":"2022-04-22T14:31:07","guid":{"rendered":"https:\/\/linitiative.ca\/International\/elle-est-tournee-au-maroc-la-comedie-le-medecin-imaginaire-le-27-avril-dans-les-salles\/"},"modified":"2022-04-22T10:31:07","modified_gmt":"2022-04-22T14:31:07","slug":"elle-est-tournee-au-maroc-la-comedie-le-medecin-imaginaire-le-27-avril-dans-les-salles","status":"publish","type":"post","link":"https:\/\/linitiative.ca\/International\/elle-est-tournee-au-maroc-la-comedie-le-medecin-imaginaire-le-27-avril-dans-les-salles\/","title":{"rendered":"Elle est tourn\u00e9e au Maroc : La com\u00e9die \u00abLe m\u00e9decin imaginaire\u00bb  le 27 avril dans les salles"},"content":{"rendered":"<div>\n<p><img decoding=\"async\" width=\"300\" height=\"153\" src=\"https:\/\/linitiative.ca\/International\/wp-content\/uploads\/sites\/23\/2022\/04\/La-comedie-Le-medecin-imaginaire-le-27-avril-dans-les-salles-300x153-1.png\" class=\"attachment-medium size-medium wp-post-image\" alt=\"\" loading=\"lazy\" srcset=\"https:\/\/linitiative.ca\/International\/wp-content\/uploads\/sites\/23\/2022\/04\/La-comedie-Le-medecin-imaginaire-le-27-avril-dans-les-salles-300x153-1.png 300w, https:\/\/aujourdhui.ma\/wp-content\/uploads\/2022\/04\/La-comedie-Le-medecin-imaginaire-le-27-avril-dans-les-salles-274x140.png 274w, https:\/\/aujourdhui.ma\/wp-content\/uploads\/2022\/04\/La-comedie-Le-medecin-imaginaire-le-27-avril-dans-les-salles.png 746w, https:\/\/aujourdhui.ma\/wp-content\/uploads\/2022\/04\/La-comedie-Le-medecin-imaginaire-le-27-avril-dans-les-salles-165x84.png 165w, https:\/\/aujourdhui.ma\/wp-content\/uploads\/2022\/04\/La-comedie-Le-medecin-imaginaire-le-27-avril-dans-les-salles-702x358.png 702w\" sizes=\"auto, (max-width: 300px) 100vw, 300px\"><\/p>\n<p><span style=\"color: #800000;\"><strong>Clotilde Courau n\u2019a pas un r\u00f4le facile. Elle incarne la Parisienne press\u00e9e, le monde occidental dans toute son aberration et il lui fallait jouer \u00e7a en quelques sc\u00e8nes seulement. Elle y est parvenue.<\/strong><\/span><span id=\"more-405912\"><\/span><\/p>\n<p>Bonne nouvelle ! La com\u00e9die fran\u00e7aise \u00abLe m\u00e9decin imaginaire\u00bb r\u00e9alis\u00e9e par Ahmed Hamidi et tourn\u00e9e au Maroc sera projet\u00e9e dans nos salles obscures \u00e0 partir du 27 avril. En effet, cette com\u00e9die parle de la m\u00e9saventure d\u2019un DJ star au bord du burn-out, immobilis\u00e9 au fin fond du Maroc. Suite \u00e0 une mauvaise chute, et qui se voit confi\u00e9 aux soins d\u2019un aide-soignant en devenir, malgr\u00e9 son redoublement cons\u00e9cutif aux examens de praticiens. \u00abAlex, alias DJ Wethu, est une star du monde de la nuit. Au bord du burn-out, il encha\u00eene les concerts aux quatre coins de la plan\u00e8te. Jusqu\u2019au jour o\u00f9, en plein festival au Maroc, il fait une mauvaise chute et tombe de sc\u00e8ne. Immobilis\u00e9 sur place le temps de sa convalescence, il est plac\u00e9 sous la vigilance d\u2019Abdel qui r\u00eave de devenir aide-soignant. Le probl\u00e8me c\u2019est qu\u2019il ne l\u2019est pas tout \u00e0 fait. Une rencontre pour le moins inattendue\u00bb, lit-on dans le synopsis.<\/p>\n<p><span style=\"color: #ff0000;\"><strong>Booder, Saadia Ladib, Alban Ivanov et d\u2019autres <\/strong><\/span><br \/>\n\u00abLe m\u00e9decin imaginaire \u00bb r\u00e9unit en fait l\u2019humoriste franco-marocain Mohammed Benyamna, alias Booder, l\u2019actrice marocaine Sa\u00e2dia Ladib et d\u2019autres acteurs fran\u00e7ais dont notamment Alban Ivanov, Fatsah Bouyahmed, Clotilde Coureau ou Sma\u00efn.<br \/>\nA propos de ce choix de figures, le r\u00e9alisateur Ahmed Hamidi explique : \u00abJ\u2019ai \u00e9crit pour Fatsah avec Fatsah. Alban est arriv\u00e9 en cours d\u2019\u00e9criture. Puis, j\u2019ai construit le reste du casting autour d\u2019eux. Envisager Sma\u00efn en bl\u00e9dard associ\u00e9 \u00e0 Booder, qui appartient \u00e0 une autre g\u00e9n\u00e9ration, me faisait rire. Clotilde Courau n\u2019a pas un r\u00f4le facile. Elle incarne la Parisienne press\u00e9e, le monde occidental dans toute son aberration et il lui fallait jouer \u00e7a en quelques sc\u00e8nes seulement. Elle y est parvenue. Rawan El Kadiri, je l\u2019ai rencontr\u00e9e par le biais d\u2019un casting et je l\u2019ai trouv\u00e9e \u00e9patante. Tout comme Sa\u00e2dia Ladib, qui joue la femme d\u2019Abdel. Cette actrice est lumineuse et d\u00e9gage \u00e9norm\u00e9ment d\u2019intensit\u00e9, d\u2019amour et de sensualit\u00e9, sans \u00eatre s\u00e9ductrice\u00bb.<\/p>\n<p><strong><span style=\"color: #ff0000;\">Village de Mirleft, d\u00e9cor de tournage <\/span><\/strong><br \/>\nCette com\u00e9die est le premier long m\u00e9trage d\u2019Ahmed Hamidi, connu en tant qu\u2019auteur des Guignols pendant 10 ans, et cosc\u00e9nariste de films comme \u00abLe Grand Bain\u00bb de Gilles Lellouche. \u00c0 travers celle-ci, ce r\u00e9alisateur a r\u00e9ussi \u00e0 livrer une mise en sc\u00e8ne simple, qui fasse la part belle aux personnages et au d\u00e9cor. \u00abJ\u2019ai r\u00e9ussi \u00e0 filmer le Maroc, le village de Mirleft, qui se situe au bord de la mer et apporte la lenteur dont a besoin Alex. Dans ce d\u00e9cor, on trouve l\u2019essentiel : des maisons \u00e0 taille humaine et des espaces pour se mettre \u00e0 l\u2019ombre. Les couleurs y sont chaudes\u00bb. Et d\u2019ajouter : \u00abAvec mon chef-op\u00e9rateur, Yannick Ressigeac, nous voulions transposer les couleurs du d\u00e9sert californien au Maroc. Souvent, dans les films tourn\u00e9s au Maroc, les couleurs sont assez satur\u00e9es. Au contraire, je souhaitais une image plus claire, sans contrastes exag\u00e9r\u00e9s. Je voulais plus de blanc et de vert que de rouge puissant.<\/p>\n<p>\u00c7a me paraissait plus proche de la r\u00e9alit\u00e9, car souvent le cin\u00e9ma renvoie une image caricaturale du bled\u00bb. En effet, la lumi\u00e8re, les parfums et les sons de Mirleft ont \u00e9t\u00e9 inspirants pour l\u2019\u00e9quipe de tournage. \u00abTout cela fait \u00e9merger des souvenirs d\u2019enfance. Ces couleurs, ces odeurs, ces sons vous relient \u00e0 votre instinct. Le son de ces mobylettes, de ces chiens qui aboient au milieu de la campagne marocaine nous ont fait penser \u00e0 Kusturica, dont le cin\u00e9ma est une r\u00e9f\u00e9rence pour Ahmed et moi. Lui sait faire na\u00eetre des odeurs, des sonorit\u00e9s, du bon chaos, de l\u2019action, des cris, de la vie ! Nous avions un app\u00e9tit de spectacle avec ce film\u00bb, indique Fatsah Bouyahmed, acteur et cosc\u00e9nariste.<\/p>\n<p><a href=\"https:\/\/aujourdhui.ma\/wp-content\/uploads\/2022\/04\/La-comedie-Le-medecin-imaginaire-le-27-avril-dans-les-salles-d.png\"><img loading=\"lazy\" decoding=\"async\" class=\"alignnone size-medium wp-image-405922\" src=\"https:\/\/linitiative.ca\/International\/wp-content\/uploads\/sites\/23\/2022\/04\/La-comedie-Le-medecin-imaginaire-le-27-avril-dans-les-salles-d-300x153-1.png\" alt=\"\" width=\"300\" height=\"153\" srcset=\"https:\/\/linitiative.ca\/International\/wp-content\/uploads\/sites\/23\/2022\/04\/La-comedie-Le-medecin-imaginaire-le-27-avril-dans-les-salles-d-300x153-1.png 300w, https:\/\/aujourdhui.ma\/wp-content\/uploads\/2022\/04\/La-comedie-Le-medecin-imaginaire-le-27-avril-dans-les-salles-d-274x140.png 274w, https:\/\/aujourdhui.ma\/wp-content\/uploads\/2022\/04\/La-comedie-Le-medecin-imaginaire-le-27-avril-dans-les-salles-d.png 746w, https:\/\/aujourdhui.ma\/wp-content\/uploads\/2022\/04\/La-comedie-Le-medecin-imaginaire-le-27-avril-dans-les-salles-d-165x84.png 165w, https:\/\/aujourdhui.ma\/wp-content\/uploads\/2022\/04\/La-comedie-Le-medecin-imaginaire-le-27-avril-dans-les-salles-d-702x358.png 702w\" sizes=\"auto, (max-width: 300px) 100vw, 300px\"><\/a> <a href=\"https:\/\/aujourdhui.ma\/wp-content\/uploads\/2022\/04\/La-comedie-Le-medecin-imaginaire-le-27-avril-dans-les-salles-x.png\"><img loading=\"lazy\" decoding=\"async\" class=\"alignnone size-medium wp-image-405923\" src=\"https:\/\/linitiative.ca\/International\/wp-content\/uploads\/sites\/23\/2022\/04\/La-comedie-Le-medecin-imaginaire-le-27-avril-dans-les-salles-x-300x153-1.png\" alt=\"\" width=\"300\" height=\"153\" srcset=\"https:\/\/linitiative.ca\/International\/wp-content\/uploads\/sites\/23\/2022\/04\/La-comedie-Le-medecin-imaginaire-le-27-avril-dans-les-salles-x-300x153-1.png 300w, https:\/\/aujourdhui.ma\/wp-content\/uploads\/2022\/04\/La-comedie-Le-medecin-imaginaire-le-27-avril-dans-les-salles-x-274x140.png 274w, https:\/\/aujourdhui.ma\/wp-content\/uploads\/2022\/04\/La-comedie-Le-medecin-imaginaire-le-27-avril-dans-les-salles-x.png 746w, https:\/\/aujourdhui.ma\/wp-content\/uploads\/2022\/04\/La-comedie-Le-medecin-imaginaire-le-27-avril-dans-les-salles-x-165x84.png 165w, https:\/\/aujourdhui.ma\/wp-content\/uploads\/2022\/04\/La-comedie-Le-medecin-imaginaire-le-27-avril-dans-les-salles-x-702x358.png 702w\" sizes=\"auto, (max-width: 300px) 100vw, 300px\"><\/a><\/p>\n<\/div>\n<p>Auteur: Siham Jadraoui<br \/>\n<a href=\"https:\/\/aujourdhui.ma\/culture\/elle-est-tournee-au-maroc-la-comedie-le-medecin-imaginaire-le-27-avril-dans-les-salles\">Cliquez ici pour lire l&rsquo;article depuis sa source.<\/a><\/p>\n","protected":false},"excerpt":{"rendered":"<p>Clotilde Courau n\u2019a pas un r\u00f4le facile. Elle incarne la Parisienne press\u00e9e, le monde occidental dans toute son aberration et il lui fallait jouer \u00e7a en quelques sc\u00e8nes seulement. Elle y est parvenue. Bonne nouvelle ! La com\u00e9die fran\u00e7aise \u00abLe m\u00e9decin imaginaire\u00bb r\u00e9alis\u00e9e par Ahmed Hamidi et tourn\u00e9e au Maroc sera projet\u00e9e dans nos salles [&hellip;]<\/p>\n","protected":false},"author":1759,"featured_media":0,"comment_status":"closed","ping_status":"closed","sticky":false,"template":"","format":"standard","meta":{"fifu_image_url":"https:\/\/aujourdhui.ma\/wp-content\/uploads\/2022\/04\/La-comedie-Le-medecin-imaginaire-le-27-avril-dans-les-salles-300x153.png","fifu_image_alt":"Elle est tourn\u00e9e au Maroc : La com\u00e9die \u00abLe m\u00e9decin imaginaire\u00bb  le 27 avril dans les salles","footnotes":""},"categories":[73,54],"tags":[],"class_list":["post-146071","post","type-post","status-publish","format-standard","hentry","category-actualite","category-maroc"],"_links":{"self":[{"href":"https:\/\/linitiative.ca\/International\/wp-json\/wp\/v2\/posts\/146071","targetHints":{"allow":["GET"]}}],"collection":[{"href":"https:\/\/linitiative.ca\/International\/wp-json\/wp\/v2\/posts"}],"about":[{"href":"https:\/\/linitiative.ca\/International\/wp-json\/wp\/v2\/types\/post"}],"author":[{"embeddable":true,"href":"https:\/\/linitiative.ca\/International\/wp-json\/wp\/v2\/users\/1759"}],"replies":[{"embeddable":true,"href":"https:\/\/linitiative.ca\/International\/wp-json\/wp\/v2\/comments?post=146071"}],"version-history":[{"count":0,"href":"https:\/\/linitiative.ca\/International\/wp-json\/wp\/v2\/posts\/146071\/revisions"}],"wp:attachment":[{"href":"https:\/\/linitiative.ca\/International\/wp-json\/wp\/v2\/media?parent=146071"}],"wp:term":[{"taxonomy":"category","embeddable":true,"href":"https:\/\/linitiative.ca\/International\/wp-json\/wp\/v2\/categories?post=146071"},{"taxonomy":"post_tag","embeddable":true,"href":"https:\/\/linitiative.ca\/International\/wp-json\/wp\/v2\/tags?post=146071"}],"curies":[{"name":"wp","href":"https:\/\/api.w.org\/{rel}","templated":true}]}}